{"id":6193,"date":"2018-10-27T14:58:47","date_gmt":"2018-10-27T14:58:47","guid":{"rendered":"https:\/\/www.essgroup.se\/falkenberg-strandbad\/"},"modified":"2019-01-16T06:57:39","modified_gmt":"2019-01-16T06:57:39","slug":"falkenberg-strandbad","status":"publish","type":"post","link":"https:\/\/www.essgroup.se\/sv\/falkenberg-strandbad\/","title":{"rendered":"Falkenberg Strandbad"},"content":{"rendered":"<p><div class=\"fusion-fullwidth fullwidth-box fusion-builder-row-1 nonhundred-percent-fullwidth non-hundred-percent-height-scrolling\" style=\"--awb-background-position:left top;--awb-border-radius-top-left:0px;--awb-border-radius-top-right:0px;--awb-border-radius-bottom-right:0px;--awb-border-radius-bottom-left:0px;--awb-padding-top:60px;--awb-padding-bottom:40px;--awb-background-color:#20232c;--awb-border-sizes-top:0px;--awb-border-sizes-bottom:0px;--awb-flex-wrap:wrap;\" ><div class=\"fusion-builder-row fusion-row\"><div class=\"fusion-layout-column fusion_builder_column fusion-builder-column-0 fusion_builder_column_1_5 1_5 fusion-one-fifth fusion-column-first fusion-no-small-visibility\" style=\"--awb-bg-size:cover;width:16.8%; margin-right: 4%;\"><div class=\"fusion-column-wrapper fusion-flex-column-wrapper-legacy\"><div class=\"fusion-clearfix\"><\/div><\/div><\/div><div class=\"fusion-layout-column fusion_builder_column fusion-builder-column-1 fusion_builder_column_3_5 3_5 fusion-three-fifth\" style=\"--awb-bg-size:cover;width:58.4%; margin-right: 4%;\"><div class=\"fusion-column-wrapper fusion-flex-column-wrapper-legacy\"><div class=\"fusion-text fusion-text-1\"><h1>Avslappnad lyx p\u00e5 V\u00e4stkusten<\/h1>\n<\/div><div class=\"fusion-text fusion-text-2\"><p class=\"ingress\">Bel\u00e4get p\u00e5 vackra Skrea strand, endast en timmes bilf\u00e4rd fr\u00e5n G\u00f6teborg, hittar du Falkenberg Strandbad. Framr\u00f6stad till Sveriges b\u00e4sta m\u00f6tesplats och spa, bjuder detta eleganta och havsn\u00e4ra hotell p\u00e5 avslappnad lyx f\u00f6r alla. Ta med kollegorna, familjen, b\u00e4sta v\u00e4nnerna, din k\u00e4raste &#8211; eller allihop.<\/p>\n<\/div><div class=\"fusion-text fusion-text-3\"><h3>Resort, strandklubb och m\u00f6tesplats<\/h3>\n<p>Ben\u00e4mns ofta som \u201cG\u00f6teborgarnas Hamptons\u201d och ja, det strandn\u00e4ra l\u00e4get \u00e4r fantastiskt och absolut, vi har vunnit m\u00e4ngder med priser, men egentligen handlar Strandbaden bara om en sak. Det handlar om att ta l\u00e4get, den lyxiga spaklubben, restaurangerna som serverar nordisk och fransk mat, de fantastiska m\u00f6tesfaciliteterna och de mysiga rummen och skapa en plats d\u00e4r du m\u00e5r bra, oavsett om du \u00e4r h\u00e4r med din kompis, partner, familj eller f\u00f6retag.<\/p>\n<\/div><div class=\"fusion-sep-clear\"><\/div><div class=\"fusion-separator fusion-full-width-sep fusion-clearfix\" style=\"float:left;margin-top:15px;margin-bottom:10px;width:100%;\"><\/div><div class=\"fusion-sep-clear\"><\/div><div class=\"fusion-builder-row fusion-builder-row-inner fusion-row\"><div class=\"fusion-layout-column fusion_builder_column_inner fusion-builder-nested-column-0 fusion_builder_column_inner_1_2 1_2 fusion-one-half fusion-column-first\" style=\"--awb-bg-size:cover;--awb-margin-bottom:20px;width:50%;width:calc(50% - ( ( 4% ) * 0.5 ) );margin-right: 4%;\"><div class=\"fusion-column-wrapper fusion-flex-column-wrapper-legacy\"><div class=\"fusion-button-wrapper fusion-align-block\"><a class=\"fusion-button button-flat button-medium button-default fusion-button-default button-1 fusion-button-default-span fusion-button-default-type conference-button\" target=\"_self\" href=\"#conference\"><span class=\"fusion-button-text awb-button__text awb-button__text--default\">M\u00f6ten &amp; Konferens<\/span><\/a><\/div><div class=\"fusion-clearfix\"><\/div><\/div><\/div><div class=\"fusion-layout-column fusion_builder_column_inner fusion-builder-nested-column-1 fusion_builder_column_inner_1_2 1_2 fusion-one-half fusion-column-last\" style=\"--awb-bg-size:cover;width:50%;width:calc(50% - ( ( 4% ) * 0.5 ) );\"><div class=\"fusion-column-wrapper fusion-flex-column-wrapper-legacy\"><div class=\"fusion-button-wrapper fusion-align-block\"><a class=\"fusion-button button-flat button-medium button-custom fusion-button-default button-2 fusion-button-default-span fusion-button-default-type more-site\" style=\"--button_accent_color:#21232c;--button_accent_hover_color:#ffffff;--button_border_hover_color:#ffffff;--button_gradient_top_color:#ffffff;--button_gradient_bottom_color:#ffffff;--button_gradient_top_color_hover:#cdb083;--button_gradient_bottom_color_hover:#cdb083;\" target=\"_blank\" rel=\"noopener noreferrer\" href=\"https:\/\/www.strandbaden.se\/\" id=\"strandbaden.se button\"><span class=\"fusion-button-text awb-button__text awb-button__text--default\">strandbaden.se<\/span><\/a><\/div><div class=\"fusion-clearfix\"><\/div><\/div><\/div><\/div><div class=\"fusion-clearfix\"><\/div><\/div><\/div><div class=\"fusion-layout-column fusion_builder_column fusion-builder-column-2 fusion_builder_column_1_5 1_5 fusion-one-fifth fusion-column-last fusion-no-small-visibility\" style=\"--awb-bg-size:cover;width:16.8%;\"><div class=\"fusion-column-wrapper fusion-flex-column-wrapper-legacy\"><div class=\"fusion-clearfix\"><\/div><\/div><\/div><\/div><\/div><div class=\"fusion-fullwidth fullwidth-box fusion-builder-row-2 hundred-percent-fullwidth non-hundred-percent-height-scrolling fusion-no-small-visibility\" style=\"--awb-background-position:left top;--awb-border-radius-top-left:0px;--awb-border-radius-top-right:0px;--awb-border-radius-bottom-right:0px;--awb-border-radius-bottom-left:0px;--awb-padding-top:40px;--awb-padding-right:-30%;--awb-padding-bottom:0px;--awb-padding-left:-30%;--awb-margin-bottom:0px;--awb-background-color:rgba(32,35,44,0);--awb-border-sizes-top:0px;--awb-border-sizes-bottom:0px;--awb-flex-wrap:wrap;\" ><div class=\"fusion-builder-row fusion-row\"><div class=\"fusion-layout-column fusion_builder_column fusion-builder-column-3 fusion_builder_column_1_1 1_1 fusion-one-full fusion-column-first fusion-column-last\" style=\"--awb-bg-size:cover;\"><div class=\"fusion-column-wrapper fusion-flex-column-wrapper-legacy\"><div class=\"fusion-image-carousel fusion-image-carousel-auto fusion-image-carousel-1 lightbox-enabled\"><div class=\"awb-carousel awb-swiper awb-swiper-carousel awb-carousel--carousel awb-swiper-dots-position-bottom\" data-layout=\"carousel\" data-autoplay=\"yes\" data-autoplayspeed=\"4250\" data-autoplaypause=\"no\" data-loop=\"yes\" data-columns=\"2\" data-columnsmedium=\"1\" data-columnssmall=\"1\" data-itemmargin=\"0\" data-itemwidth=\"180\" data-touchscroll=\"no\" data-freemode=\"no\" data-imagesize=\"auto\" data-scrollitems=\"0\" data-centeredslides=\"no\" data-rotationangle=\"50\" data-depth=\"100\" data-speed=\"500\" data-shadow=\"no\" data-pagination=\"bullets\" style=\"--awb-columns:2;--awb-column-spacing:0px;\"><div class=\"swiper-wrapper awb-image-carousel-wrapper fusion-flex-align-items-center\"><div class=\"swiper-slide\"><div class=\"fusion-carousel-item-wrapper\"><div class=\"fusion-image-wrapper hover-type-zoomin\"><a data-rel=\"iLightbox[image_carousel_1]\" data-title=\"falkenberg-strandbaden-slide-top-image-1\" aria-label=\"falkenberg-strandbaden-slide-top-image-1\" href=\"https:\/\/www.essgroup.se\/wp-content\/uploads\/2018\/08\/falkenberg-strandbaden-slide-top-image-1.jpg\" target=\"_self\"><img decoding=\"async\" width=\"2400\" height=\"1600\" src=\"https:\/\/www.essgroup.se\/wp-content\/uploads\/2018\/08\/falkenberg-strandbaden-slide-top-image-1.jpg\" class=\"attachment-full size-full\" alt=\"\" srcset=\"https:\/\/www.essgroup.se\/wp-content\/uploads\/2018\/08\/falkenberg-strandbaden-slide-top-image-1-200x133.jpg 200w, https:\/\/www.essgroup.se\/wp-content\/uploads\/2018\/08\/falkenberg-strandbaden-slide-top-image-1-400x267.jpg 400w, https:\/\/www.essgroup.se\/wp-content\/uploads\/2018\/08\/falkenberg-strandbaden-slide-top-image-1-600x400.jpg 600w, https:\/\/www.essgroup.se\/wp-content\/uploads\/2018\/08\/falkenberg-strandbaden-slide-top-image-1-800x533.jpg 800w, https:\/\/www.essgroup.se\/wp-content\/uploads\/2018\/08\/falkenberg-strandbaden-slide-top-image-1-1200x800.jpg 1200w, https:\/\/www.essgroup.se\/wp-content\/uploads\/2018\/08\/falkenberg-strandbaden-slide-top-image-1.jpg 2400w\" sizes=\"(min-width: 2200px) 100vw, (min-width: 732px) 645px, (min-width: 640px) 732px, \" \/><\/a><\/div><\/div><\/div><div class=\"swiper-slide\"><div class=\"fusion-carousel-item-wrapper\"><div class=\"fusion-image-wrapper hover-type-zoomin\"><a data-rel=\"iLightbox[image_carousel_1]\" data-title=\"falkenberg-strandbaden-slide-top-image-2\" aria-label=\"falkenberg-strandbaden-slide-top-image-2\" href=\"https:\/\/www.essgroup.se\/wp-content\/uploads\/2018\/08\/falkenberg-strandbaden-slide-top-image-2.jpg\" target=\"_self\"><img decoding=\"async\" width=\"2400\" height=\"1600\" src=\"https:\/\/www.essgroup.se\/wp-content\/uploads\/2018\/08\/falkenberg-strandbaden-slide-top-image-2.jpg\" class=\"attachment-full size-full\" alt=\"\" srcset=\"https:\/\/www.essgroup.se\/wp-content\/uploads\/2018\/08\/falkenberg-strandbaden-slide-top-image-2-200x133.jpg 200w, https:\/\/www.essgroup.se\/wp-content\/uploads\/2018\/08\/falkenberg-strandbaden-slide-top-image-2-400x267.jpg 400w, https:\/\/www.essgroup.se\/wp-content\/uploads\/2018\/08\/falkenberg-strandbaden-slide-top-image-2-600x400.jpg 600w, https:\/\/www.essgroup.se\/wp-content\/uploads\/2018\/08\/falkenberg-strandbaden-slide-top-image-2-800x533.jpg 800w, https:\/\/www.essgroup.se\/wp-content\/uploads\/2018\/08\/falkenberg-strandbaden-slide-top-image-2-1200x800.jpg 1200w, https:\/\/www.essgroup.se\/wp-content\/uploads\/2018\/08\/falkenberg-strandbaden-slide-top-image-2.jpg 2400w\" sizes=\"(min-width: 2200px) 100vw, (min-width: 732px) 645px, (min-width: 640px) 732px, \" \/><\/a><\/div><\/div><\/div><div class=\"swiper-slide\"><div class=\"fusion-carousel-item-wrapper\"><div class=\"fusion-image-wrapper hover-type-zoomin\"><a data-rel=\"iLightbox[image_carousel_1]\" data-title=\"falkenberg-strandbaden-slide-top-image-3\" aria-label=\"falkenberg-strandbaden-slide-top-image-3\" href=\"https:\/\/www.essgroup.se\/wp-content\/uploads\/2018\/08\/falkenberg-strandbaden-slide-top-image-3.jpg\" target=\"_self\"><img decoding=\"async\" width=\"2400\" height=\"1600\" src=\"https:\/\/www.essgroup.se\/wp-content\/uploads\/2018\/08\/falkenberg-strandbaden-slide-top-image-3.jpg\" class=\"attachment-full size-full\" alt=\"\" srcset=\"https:\/\/www.essgroup.se\/wp-content\/uploads\/2018\/08\/falkenberg-strandbaden-slide-top-image-3-200x133.jpg 200w, https:\/\/www.essgroup.se\/wp-content\/uploads\/2018\/08\/falkenberg-strandbaden-slide-top-image-3-400x267.jpg 400w, https:\/\/www.essgroup.se\/wp-content\/uploads\/2018\/08\/falkenberg-strandbaden-slide-top-image-3-600x400.jpg 600w, https:\/\/www.essgroup.se\/wp-content\/uploads\/2018\/08\/falkenberg-strandbaden-slide-top-image-3-800x533.jpg 800w, https:\/\/www.essgroup.se\/wp-content\/uploads\/2018\/08\/falkenberg-strandbaden-slide-top-image-3-1200x800.jpg 1200w, https:\/\/www.essgroup.se\/wp-content\/uploads\/2018\/08\/falkenberg-strandbaden-slide-top-image-3.jpg 2400w\" sizes=\"(min-width: 2200px) 100vw, (min-width: 732px) 645px, (min-width: 640px) 732px, \" \/><\/a><\/div><\/div><\/div><div class=\"swiper-slide\"><div class=\"fusion-carousel-item-wrapper\"><div class=\"fusion-image-wrapper hover-type-zoomin\"><a data-rel=\"iLightbox[image_carousel_1]\" data-title=\"falkenberg-strandbaden-slide-top-image-4\" aria-label=\"falkenberg-strandbaden-slide-top-image-4\" href=\"https:\/\/www.essgroup.se\/wp-content\/uploads\/2018\/08\/falkenberg-strandbaden-slide-top-image-4.jpg\" target=\"_self\"><img decoding=\"async\" width=\"2400\" height=\"1600\" src=\"https:\/\/www.essgroup.se\/wp-content\/uploads\/2018\/08\/falkenberg-strandbaden-slide-top-image-4.jpg\" class=\"attachment-full size-full\" alt=\"\" srcset=\"https:\/\/www.essgroup.se\/wp-content\/uploads\/2018\/08\/falkenberg-strandbaden-slide-top-image-4-200x133.jpg 200w, https:\/\/www.essgroup.se\/wp-content\/uploads\/2018\/08\/falkenberg-strandbaden-slide-top-image-4-400x267.jpg 400w, https:\/\/www.essgroup.se\/wp-content\/uploads\/2018\/08\/falkenberg-strandbaden-slide-top-image-4-600x400.jpg 600w, https:\/\/www.essgroup.se\/wp-content\/uploads\/2018\/08\/falkenberg-strandbaden-slide-top-image-4-800x533.jpg 800w, https:\/\/www.essgroup.se\/wp-content\/uploads\/2018\/08\/falkenberg-strandbaden-slide-top-image-4-1200x800.jpg 1200w, https:\/\/www.essgroup.se\/wp-content\/uploads\/2018\/08\/falkenberg-strandbaden-slide-top-image-4.jpg 2400w\" sizes=\"(min-width: 2200px) 100vw, (min-width: 732px) 645px, (min-width: 640px) 732px, \" \/><\/a><\/div><\/div><\/div><div class=\"swiper-slide\"><div class=\"fusion-carousel-item-wrapper\"><div class=\"fusion-image-wrapper hover-type-zoomin\"><a data-rel=\"iLightbox[image_carousel_1]\" data-title=\"falkenberg-strandbaden-slide-top-image-5\" aria-label=\"falkenberg-strandbaden-slide-top-image-5\" href=\"https:\/\/www.essgroup.se\/wp-content\/uploads\/2018\/08\/falkenberg-strandbaden-slide-top-image-5.jpg\" target=\"_self\"><img decoding=\"async\" width=\"2400\" height=\"1600\" src=\"https:\/\/www.essgroup.se\/wp-content\/uploads\/2018\/08\/falkenberg-strandbaden-slide-top-image-5.jpg\" class=\"attachment-full size-full\" alt=\"\" srcset=\"https:\/\/www.essgroup.se\/wp-content\/uploads\/2018\/08\/falkenberg-strandbaden-slide-top-image-5-200x133.jpg 200w, https:\/\/www.essgroup.se\/wp-content\/uploads\/2018\/08\/falkenberg-strandbaden-slide-top-image-5-400x267.jpg 400w, https:\/\/www.essgroup.se\/wp-content\/uploads\/2018\/08\/falkenberg-strandbaden-slide-top-image-5-600x400.jpg 600w, https:\/\/www.essgroup.se\/wp-content\/uploads\/2018\/08\/falkenberg-strandbaden-slide-top-image-5-800x533.jpg 800w, https:\/\/www.essgroup.se\/wp-content\/uploads\/2018\/08\/falkenberg-strandbaden-slide-top-image-5-1200x800.jpg 1200w, https:\/\/www.essgroup.se\/wp-content\/uploads\/2018\/08\/falkenberg-strandbaden-slide-top-image-5.jpg 2400w\" sizes=\"(min-width: 2200px) 100vw, (min-width: 732px) 645px, (min-width: 640px) 732px, \" \/><\/a><\/div><\/div><\/div><div class=\"swiper-slide\"><div class=\"fusion-carousel-item-wrapper\"><div class=\"fusion-image-wrapper hover-type-zoomin\"><a data-rel=\"iLightbox[image_carousel_1]\" data-title=\"falkenberg-strandbad-skrea-strand-5\" aria-label=\"falkenberg-strandbad-skrea-strand-5\" href=\"https:\/\/www.essgroup.se\/wp-content\/uploads\/2015\/11\/falkenberg-strandbad-skrea-strand-5.jpg\" target=\"_self\"><img decoding=\"async\" width=\"2400\" height=\"1600\" src=\"https:\/\/www.essgroup.se\/wp-content\/uploads\/2015\/11\/falkenberg-strandbad-skrea-strand-5.jpg\" class=\"attachment-full size-full\" alt=\"\" srcset=\"https:\/\/www.essgroup.se\/wp-content\/uploads\/2015\/11\/falkenberg-strandbad-skrea-strand-5-200x133.jpg 200w, https:\/\/www.essgroup.se\/wp-content\/uploads\/2015\/11\/falkenberg-strandbad-skrea-strand-5-400x267.jpg 400w, https:\/\/www.essgroup.se\/wp-content\/uploads\/2015\/11\/falkenberg-strandbad-skrea-strand-5-600x400.jpg 600w, https:\/\/www.essgroup.se\/wp-content\/uploads\/2015\/11\/falkenberg-strandbad-skrea-strand-5-800x533.jpg 800w, https:\/\/www.essgroup.se\/wp-content\/uploads\/2015\/11\/falkenberg-strandbad-skrea-strand-5-1200x800.jpg 1200w, https:\/\/www.essgroup.se\/wp-content\/uploads\/2015\/11\/falkenberg-strandbad-skrea-strand-5.jpg 2400w\" sizes=\"(min-width: 2200px) 100vw, (min-width: 732px) 645px, (min-width: 640px) 732px, \" \/><\/a><\/div><\/div><\/div><div class=\"swiper-slide\"><div class=\"fusion-carousel-item-wrapper\"><div class=\"fusion-image-wrapper hover-type-zoomin\"><a data-rel=\"iLightbox[image_carousel_1]\" data-title=\"falkenberg-strandbad-skrea-strand-1\" aria-label=\"falkenberg-strandbad-skrea-strand-1\" href=\"https:\/\/www.essgroup.se\/wp-content\/uploads\/2015\/11\/falkenberg-strandbad-skrea-strand-1-1.jpg\" target=\"_self\"><img decoding=\"async\" width=\"2400\" height=\"1600\" src=\"https:\/\/www.essgroup.se\/wp-content\/uploads\/2015\/11\/falkenberg-strandbad-skrea-strand-1-1.jpg\" class=\"attachment-full size-full\" alt=\"\" srcset=\"https:\/\/www.essgroup.se\/wp-content\/uploads\/2015\/11\/falkenberg-strandbad-skrea-strand-1-1-200x133.jpg 200w, https:\/\/www.essgroup.se\/wp-content\/uploads\/2015\/11\/falkenberg-strandbad-skrea-strand-1-1-400x267.jpg 400w, https:\/\/www.essgroup.se\/wp-content\/uploads\/2015\/11\/falkenberg-strandbad-skrea-strand-1-1-600x400.jpg 600w, https:\/\/www.essgroup.se\/wp-content\/uploads\/2015\/11\/falkenberg-strandbad-skrea-strand-1-1-800x533.jpg 800w, https:\/\/www.essgroup.se\/wp-content\/uploads\/2015\/11\/falkenberg-strandbad-skrea-strand-1-1-1200x800.jpg 1200w, https:\/\/www.essgroup.se\/wp-content\/uploads\/2015\/11\/falkenberg-strandbad-skrea-strand-1-1.jpg 2400w\" sizes=\"(min-width: 2200px) 100vw, (min-width: 732px) 645px, (min-width: 640px) 732px, \" \/><\/a><\/div><\/div><\/div><div class=\"swiper-slide\"><div class=\"fusion-carousel-item-wrapper\"><div class=\"fusion-image-wrapper hover-type-zoomin\"><a data-rel=\"iLightbox[image_carousel_1]\" data-title=\"falkenberg-strandbaden-slide-top-image-6\" aria-label=\"falkenberg-strandbaden-slide-top-image-6\" href=\"https:\/\/www.essgroup.se\/wp-content\/uploads\/2018\/08\/falkenberg-strandbaden-slide-top-image-6.jpg\" target=\"_self\"><img decoding=\"async\" width=\"2400\" height=\"1600\" src=\"https:\/\/www.essgroup.se\/wp-content\/uploads\/2018\/08\/falkenberg-strandbaden-slide-top-image-6.jpg\" class=\"attachment-full size-full\" alt=\"\" srcset=\"https:\/\/www.essgroup.se\/wp-content\/uploads\/2018\/08\/falkenberg-strandbaden-slide-top-image-6-200x133.jpg 200w, https:\/\/www.essgroup.se\/wp-content\/uploads\/2018\/08\/falkenberg-strandbaden-slide-top-image-6-400x267.jpg 400w, https:\/\/www.essgroup.se\/wp-content\/uploads\/2018\/08\/falkenberg-strandbaden-slide-top-image-6-600x400.jpg 600w, https:\/\/www.essgroup.se\/wp-content\/uploads\/2018\/08\/falkenberg-strandbaden-slide-top-image-6-800x533.jpg 800w, https:\/\/www.essgroup.se\/wp-content\/uploads\/2018\/08\/falkenberg-strandbaden-slide-top-image-6-1200x800.jpg 1200w, https:\/\/www.essgroup.se\/wp-content\/uploads\/2018\/08\/falkenberg-strandbaden-slide-top-image-6.jpg 2400w\" sizes=\"(min-width: 2200px) 100vw, (min-width: 732px) 645px, (min-width: 640px) 732px, \" \/><\/a><\/div><\/div><\/div><div class=\"swiper-slide\"><div class=\"fusion-carousel-item-wrapper\"><div class=\"fusion-image-wrapper hover-type-zoomin\"><a data-rel=\"iLightbox[image_carousel_1]\" data-title=\"falkenberg-strandbaden-slide-top-image-7\" aria-label=\"falkenberg-strandbaden-slide-top-image-7\" href=\"https:\/\/www.essgroup.se\/wp-content\/uploads\/2018\/08\/falkenberg-strandbaden-slide-top-image-7.jpg\" target=\"_self\"><img decoding=\"async\" width=\"2400\" height=\"1600\" src=\"https:\/\/www.essgroup.se\/wp-content\/uploads\/2018\/08\/falkenberg-strandbaden-slide-top-image-7.jpg\" class=\"attachment-full size-full\" alt=\"\" srcset=\"https:\/\/www.essgroup.se\/wp-content\/uploads\/2018\/08\/falkenberg-strandbaden-slide-top-image-7-200x133.jpg 200w, https:\/\/www.essgroup.se\/wp-content\/uploads\/2018\/08\/falkenberg-strandbaden-slide-top-image-7-400x267.jpg 400w, https:\/\/www.essgroup.se\/wp-content\/uploads\/2018\/08\/falkenberg-strandbaden-slide-top-image-7-600x400.jpg 600w, https:\/\/www.essgroup.se\/wp-content\/uploads\/2018\/08\/falkenberg-strandbaden-slide-top-image-7-800x533.jpg 800w, https:\/\/www.essgroup.se\/wp-content\/uploads\/2018\/08\/falkenberg-strandbaden-slide-top-image-7-1200x800.jpg 1200w, https:\/\/www.essgroup.se\/wp-content\/uploads\/2018\/08\/falkenberg-strandbaden-slide-top-image-7.jpg 2400w\" sizes=\"(min-width: 2200px) 100vw, (min-width: 732px) 645px, (min-width: 640px) 732px, \" \/><\/a><\/div><\/div><\/div><div class=\"swiper-slide\"><div class=\"fusion-carousel-item-wrapper\"><div class=\"fusion-image-wrapper hover-type-zoomin\"><a data-rel=\"iLightbox[image_carousel_1]\" data-title=\"falkenberg-strandbaden-slide-top-image-8\" aria-label=\"falkenberg-strandbaden-slide-top-image-8\" href=\"https:\/\/www.essgroup.se\/wp-content\/uploads\/2018\/08\/falkenberg-strandbaden-slide-top-image-8.jpg\" target=\"_self\"><img decoding=\"async\" width=\"2400\" height=\"1600\" src=\"https:\/\/www.essgroup.se\/wp-content\/uploads\/2018\/08\/falkenberg-strandbaden-slide-top-image-8.jpg\" class=\"attachment-full size-full\" alt=\"\" srcset=\"https:\/\/www.essgroup.se\/wp-content\/uploads\/2018\/08\/falkenberg-strandbaden-slide-top-image-8-200x133.jpg 200w, https:\/\/www.essgroup.se\/wp-content\/uploads\/2018\/08\/falkenberg-strandbaden-slide-top-image-8-400x267.jpg 400w, https:\/\/www.essgroup.se\/wp-content\/uploads\/2018\/08\/falkenberg-strandbaden-slide-top-image-8-600x400.jpg 600w, https:\/\/www.essgroup.se\/wp-content\/uploads\/2018\/08\/falkenberg-strandbaden-slide-top-image-8-800x533.jpg 800w, https:\/\/www.essgroup.se\/wp-content\/uploads\/2018\/08\/falkenberg-strandbaden-slide-top-image-8-1200x800.jpg 1200w, https:\/\/www.essgroup.se\/wp-content\/uploads\/2018\/08\/falkenberg-strandbaden-slide-top-image-8.jpg 2400w\" sizes=\"(min-width: 2200px) 100vw, (min-width: 732px) 645px, (min-width: 640px) 732px, \" \/><\/a><\/div><\/div><\/div><div class=\"swiper-slide\"><div class=\"fusion-carousel-item-wrapper\"><div class=\"fusion-image-wrapper hover-type-zoomin\"><a data-rel=\"iLightbox[image_carousel_1]\" data-title=\"falkenberg-strandbaden-slide-top-image-9\" aria-label=\"falkenberg-strandbaden-slide-top-image-9\" href=\"https:\/\/www.essgroup.se\/wp-content\/uploads\/2018\/08\/falkenberg-strandbaden-slide-top-image-9.jpg\" target=\"_self\"><img decoding=\"async\" width=\"2400\" height=\"1600\" src=\"https:\/\/www.essgroup.se\/wp-content\/uploads\/2018\/08\/falkenberg-strandbaden-slide-top-image-9.jpg\" class=\"attachment-full size-full\" alt=\"\" srcset=\"https:\/\/www.essgroup.se\/wp-content\/uploads\/2018\/08\/falkenberg-strandbaden-slide-top-image-9-200x133.jpg 200w, https:\/\/www.essgroup.se\/wp-content\/uploads\/2018\/08\/falkenberg-strandbaden-slide-top-image-9-400x267.jpg 400w, https:\/\/www.essgroup.se\/wp-content\/uploads\/2018\/08\/falkenberg-strandbaden-slide-top-image-9-600x400.jpg 600w, https:\/\/www.essgroup.se\/wp-content\/uploads\/2018\/08\/falkenberg-strandbaden-slide-top-image-9-800x533.jpg 800w, https:\/\/www.essgroup.se\/wp-content\/uploads\/2018\/08\/falkenberg-strandbaden-slide-top-image-9-1200x800.jpg 1200w, https:\/\/www.essgroup.se\/wp-content\/uploads\/2018\/08\/falkenberg-strandbaden-slide-top-image-9.jpg 2400w\" sizes=\"(min-width: 2200px) 100vw, (min-width: 732px) 645px, (min-width: 640px) 732px, \" \/><\/a><\/div><\/div><\/div><div class=\"swiper-slide\"><div class=\"fusion-carousel-item-wrapper\"><div class=\"fusion-image-wrapper hover-type-zoomin\"><a data-rel=\"iLightbox[image_carousel_1]\" data-title=\"falkenberg-strandbaden-slide-top-image-10\" aria-label=\"falkenberg-strandbaden-slide-top-image-10\" href=\"https:\/\/www.essgroup.se\/wp-content\/uploads\/2018\/08\/falkenberg-strandbaden-slide-top-image-10.jpg\" target=\"_self\"><img decoding=\"async\" width=\"2400\" height=\"1600\" src=\"https:\/\/www.essgroup.se\/wp-content\/uploads\/2018\/08\/falkenberg-strandbaden-slide-top-image-10.jpg\" class=\"attachment-full size-full\" alt=\"\" srcset=\"https:\/\/www.essgroup.se\/wp-content\/uploads\/2018\/08\/falkenberg-strandbaden-slide-top-image-10-200x133.jpg 200w, https:\/\/www.essgroup.se\/wp-content\/uploads\/2018\/08\/falkenberg-strandbaden-slide-top-image-10-400x267.jpg 400w, https:\/\/www.essgroup.se\/wp-content\/uploads\/2018\/08\/falkenberg-strandbaden-slide-top-image-10-600x400.jpg 600w, https:\/\/www.essgroup.se\/wp-content\/uploads\/2018\/08\/falkenberg-strandbaden-slide-top-image-10-800x533.jpg 800w, https:\/\/www.essgroup.se\/wp-content\/uploads\/2018\/08\/falkenberg-strandbaden-slide-top-image-10-1200x800.jpg 1200w, https:\/\/www.essgroup.se\/wp-content\/uploads\/2018\/08\/falkenberg-strandbaden-slide-top-image-10.jpg 2400w\" sizes=\"(min-width: 2200px) 100vw, (min-width: 732px) 645px, (min-width: 640px) 732px, \" \/><\/a><\/div><\/div><\/div><div class=\"swiper-slide\"><div class=\"fusion-carousel-item-wrapper\"><div class=\"fusion-image-wrapper hover-type-zoomin\"><a data-rel=\"iLightbox[image_carousel_1]\" data-title=\"falkenberg-strandbaden-slide-top-image-11\" aria-label=\"falkenberg-strandbaden-slide-top-image-11\" href=\"https:\/\/www.essgroup.se\/wp-content\/uploads\/2018\/08\/falkenberg-strandbaden-slide-top-image-11.jpg\" target=\"_self\"><img decoding=\"async\" width=\"2400\" height=\"1600\" src=\"https:\/\/www.essgroup.se\/wp-content\/uploads\/2018\/08\/falkenberg-strandbaden-slide-top-image-11.jpg\" class=\"attachment-full size-full\" alt=\"\" srcset=\"https:\/\/www.essgroup.se\/wp-content\/uploads\/2018\/08\/falkenberg-strandbaden-slide-top-image-11-200x133.jpg 200w, https:\/\/www.essgroup.se\/wp-content\/uploads\/2018\/08\/falkenberg-strandbaden-slide-top-image-11-400x267.jpg 400w, https:\/\/www.essgroup.se\/wp-content\/uploads\/2018\/08\/falkenberg-strandbaden-slide-top-image-11-600x400.jpg 600w, https:\/\/www.essgroup.se\/wp-content\/uploads\/2018\/08\/falkenberg-strandbaden-slide-top-image-11-800x533.jpg 800w, https:\/\/www.essgroup.se\/wp-content\/uploads\/2018\/08\/falkenberg-strandbaden-slide-top-image-11-1200x800.jpg 1200w, https:\/\/www.essgroup.se\/wp-content\/uploads\/2018\/08\/falkenberg-strandbaden-slide-top-image-11.jpg 2400w\" sizes=\"(min-width: 2200px) 100vw, (min-width: 732px) 645px, (min-width: 640px) 732px, \" \/><\/a><\/div><\/div><\/div><div class=\"swiper-slide\"><div class=\"fusion-carousel-item-wrapper\"><div class=\"fusion-image-wrapper hover-type-zoomin\"><a data-rel=\"iLightbox[image_carousel_1]\" data-title=\"falkenberg-strandbaden-slide-top-image-12\" aria-label=\"falkenberg-strandbaden-slide-top-image-12\" href=\"https:\/\/www.essgroup.se\/wp-content\/uploads\/2018\/08\/falkenberg-strandbaden-slide-top-image-12.jpg\" target=\"_self\"><img decoding=\"async\" width=\"2400\" height=\"1600\" src=\"https:\/\/www.essgroup.se\/wp-content\/uploads\/2018\/08\/falkenberg-strandbaden-slide-top-image-12.jpg\" class=\"attachment-full size-full\" alt=\"\" srcset=\"https:\/\/www.essgroup.se\/wp-content\/uploads\/2018\/08\/falkenberg-strandbaden-slide-top-image-12-200x133.jpg 200w, https:\/\/www.essgroup.se\/wp-content\/uploads\/2018\/08\/falkenberg-strandbaden-slide-top-image-12-400x267.jpg 400w, https:\/\/www.essgroup.se\/wp-content\/uploads\/2018\/08\/falkenberg-strandbaden-slide-top-image-12-600x400.jpg 600w, https:\/\/www.essgroup.se\/wp-content\/uploads\/2018\/08\/falkenberg-strandbaden-slide-top-image-12-800x533.jpg 800w, https:\/\/www.essgroup.se\/wp-content\/uploads\/2018\/08\/falkenberg-strandbaden-slide-top-image-12-1200x800.jpg 1200w, https:\/\/www.essgroup.se\/wp-content\/uploads\/2018\/08\/falkenberg-strandbaden-slide-top-image-12.jpg 2400w\" sizes=\"(min-width: 2200px) 100vw, (min-width: 732px) 645px, (min-width: 640px) 732px, \" \/><\/a><\/div><\/div><\/div><div class=\"swiper-slide\"><div class=\"fusion-carousel-item-wrapper\"><div class=\"fusion-image-wrapper hover-type-zoomin\"><a data-rel=\"iLightbox[image_carousel_1]\" data-title=\"falkenberg-strandbad-skrea-strand-2\" aria-label=\"falkenberg-strandbad-skrea-strand-2\" href=\"https:\/\/www.essgroup.se\/wp-content\/uploads\/2015\/11\/falkenberg-strandbad-skrea-strand-2-1.jpg\" target=\"_self\"><img decoding=\"async\" width=\"2400\" height=\"1600\" src=\"https:\/\/www.essgroup.se\/wp-content\/uploads\/2015\/11\/falkenberg-strandbad-skrea-strand-2-1.jpg\" class=\"attachment-full size-full\" alt=\"\" srcset=\"https:\/\/www.essgroup.se\/wp-content\/uploads\/2015\/11\/falkenberg-strandbad-skrea-strand-2-1-200x133.jpg 200w, https:\/\/www.essgroup.se\/wp-content\/uploads\/2015\/11\/falkenberg-strandbad-skrea-strand-2-1-400x267.jpg 400w, https:\/\/www.essgroup.se\/wp-content\/uploads\/2015\/11\/falkenberg-strandbad-skrea-strand-2-1-600x400.jpg 600w, https:\/\/www.essgroup.se\/wp-content\/uploads\/2015\/11\/falkenberg-strandbad-skrea-strand-2-1-800x533.jpg 800w, https:\/\/www.essgroup.se\/wp-content\/uploads\/2015\/11\/falkenberg-strandbad-skrea-strand-2-1-1200x800.jpg 1200w, https:\/\/www.essgroup.se\/wp-content\/uploads\/2015\/11\/falkenberg-strandbad-skrea-strand-2-1.jpg 2400w\" sizes=\"(min-width: 2200px) 100vw, (min-width: 732px) 645px, (min-width: 640px) 732px, \" \/><\/a><\/div><\/div><\/div><div class=\"swiper-slide\"><div class=\"fusion-carousel-item-wrapper\"><div class=\"fusion-image-wrapper hover-type-zoomin\"><a data-rel=\"iLightbox[image_carousel_1]\" data-title=\"falkenberg-strandbaden-slide-top-image-13\" aria-label=\"falkenberg-strandbaden-slide-top-image-13\" href=\"https:\/\/www.essgroup.se\/wp-content\/uploads\/2018\/08\/falkenberg-strandbaden-slide-top-image-13.jpg\" target=\"_self\"><img decoding=\"async\" width=\"2400\" height=\"1600\" src=\"https:\/\/www.essgroup.se\/wp-content\/uploads\/2018\/08\/falkenberg-strandbaden-slide-top-image-13.jpg\" class=\"attachment-full size-full\" alt=\"\" srcset=\"https:\/\/www.essgroup.se\/wp-content\/uploads\/2018\/08\/falkenberg-strandbaden-slide-top-image-13-200x133.jpg 200w, https:\/\/www.essgroup.se\/wp-content\/uploads\/2018\/08\/falkenberg-strandbaden-slide-top-image-13-400x267.jpg 400w, https:\/\/www.essgroup.se\/wp-content\/uploads\/2018\/08\/falkenberg-strandbaden-slide-top-image-13-600x400.jpg 600w, https:\/\/www.essgroup.se\/wp-content\/uploads\/2018\/08\/falkenberg-strandbaden-slide-top-image-13-800x533.jpg 800w, https:\/\/www.essgroup.se\/wp-content\/uploads\/2018\/08\/falkenberg-strandbaden-slide-top-image-13-1200x800.jpg 1200w, https:\/\/www.essgroup.se\/wp-content\/uploads\/2018\/08\/falkenberg-strandbaden-slide-top-image-13.jpg 2400w\" sizes=\"(min-width: 2200px) 100vw, (min-width: 732px) 645px, (min-width: 640px) 732px, \" \/><\/a><\/div><\/div><\/div><div class=\"swiper-slide\"><div class=\"fusion-carousel-item-wrapper\"><div class=\"fusion-image-wrapper hover-type-zoomin\"><a data-rel=\"iLightbox[image_carousel_1]\" data-title=\"falkenberg-strandbaden-slide-top-image-14\" aria-label=\"falkenberg-strandbaden-slide-top-image-14\" href=\"https:\/\/www.essgroup.se\/wp-content\/uploads\/2018\/08\/falkenberg-strandbaden-slide-top-image-14.jpg\" target=\"_self\"><img decoding=\"async\" width=\"2400\" height=\"1600\" src=\"https:\/\/www.essgroup.se\/wp-content\/uploads\/2018\/08\/falkenberg-strandbaden-slide-top-image-14.jpg\" class=\"attachment-full size-full\" alt=\"\" srcset=\"https:\/\/www.essgroup.se\/wp-content\/uploads\/2018\/08\/falkenberg-strandbaden-slide-top-image-14-200x133.jpg 200w, https:\/\/www.essgroup.se\/wp-content\/uploads\/2018\/08\/falkenberg-strandbaden-slide-top-image-14-400x267.jpg 400w, https:\/\/www.essgroup.se\/wp-content\/uploads\/2018\/08\/falkenberg-strandbaden-slide-top-image-14-600x400.jpg 600w, https:\/\/www.essgroup.se\/wp-content\/uploads\/2018\/08\/falkenberg-strandbaden-slide-top-image-14-800x533.jpg 800w, https:\/\/www.essgroup.se\/wp-content\/uploads\/2018\/08\/falkenberg-strandbaden-slide-top-image-14-1200x800.jpg 1200w, https:\/\/www.essgroup.se\/wp-content\/uploads\/2018\/08\/falkenberg-strandbaden-slide-top-image-14.jpg 2400w\" sizes=\"(min-width: 2200px) 100vw, (min-width: 732px) 645px, (min-width: 640px) 732px, \" \/><\/a><\/div><\/div><\/div><div class=\"swiper-slide\"><div class=\"fusion-carousel-item-wrapper\"><div class=\"fusion-image-wrapper hover-type-zoomin\"><a data-rel=\"iLightbox[image_carousel_1]\" data-title=\"falkenberg-strandbaden-slide-top-image-15\" aria-label=\"falkenberg-strandbaden-slide-top-image-15\" href=\"https:\/\/www.essgroup.se\/wp-content\/uploads\/2018\/08\/falkenberg-strandbaden-slide-top-image-15.jpg\" target=\"_self\"><img decoding=\"async\" width=\"2400\" height=\"1600\" src=\"https:\/\/www.essgroup.se\/wp-content\/uploads\/2018\/08\/falkenberg-strandbaden-slide-top-image-15.jpg\" class=\"attachment-full size-full\" alt=\"\" srcset=\"https:\/\/www.essgroup.se\/wp-content\/uploads\/2018\/08\/falkenberg-strandbaden-slide-top-image-15-200x133.jpg 200w, https:\/\/www.essgroup.se\/wp-content\/uploads\/2018\/08\/falkenberg-strandbaden-slide-top-image-15-400x267.jpg 400w, https:\/\/www.essgroup.se\/wp-content\/uploads\/2018\/08\/falkenberg-strandbaden-slide-top-image-15-600x400.jpg 600w, https:\/\/www.essgroup.se\/wp-content\/uploads\/2018\/08\/falkenberg-strandbaden-slide-top-image-15-800x533.jpg 800w, https:\/\/www.essgroup.se\/wp-content\/uploads\/2018\/08\/falkenberg-strandbaden-slide-top-image-15-1200x800.jpg 1200w, https:\/\/www.essgroup.se\/wp-content\/uploads\/2018\/08\/falkenberg-strandbaden-slide-top-image-15.jpg 2400w\" sizes=\"(min-width: 2200px) 100vw, (min-width: 732px) 645px, (min-width: 640px) 732px, \" \/><\/a><\/div><\/div><\/div><div class=\"swiper-slide\"><div class=\"fusion-carousel-item-wrapper\"><div class=\"fusion-image-wrapper hover-type-zoomin\"><a data-rel=\"iLightbox[image_carousel_1]\" data-title=\"falkenberg-strandbaden-slide-top-image-16\" aria-label=\"falkenberg-strandbaden-slide-top-image-16\" href=\"https:\/\/www.essgroup.se\/wp-content\/uploads\/2018\/08\/falkenberg-strandbaden-slide-top-image-16.jpg\" target=\"_self\"><img decoding=\"async\" width=\"2400\" height=\"1600\" src=\"https:\/\/www.essgroup.se\/wp-content\/uploads\/2018\/08\/falkenberg-strandbaden-slide-top-image-16.jpg\" class=\"attachment-full size-full\" alt=\"\" srcset=\"https:\/\/www.essgroup.se\/wp-content\/uploads\/2018\/08\/falkenberg-strandbaden-slide-top-image-16-200x133.jpg 200w, https:\/\/www.essgroup.se\/wp-content\/uploads\/2018\/08\/falkenberg-strandbaden-slide-top-image-16-400x267.jpg 400w, https:\/\/www.essgroup.se\/wp-content\/uploads\/2018\/08\/falkenberg-strandbaden-slide-top-image-16-600x400.jpg 600w, https:\/\/www.essgroup.se\/wp-content\/uploads\/2018\/08\/falkenberg-strandbaden-slide-top-image-16-800x533.jpg 800w, https:\/\/www.essgroup.se\/wp-content\/uploads\/2018\/08\/falkenberg-strandbaden-slide-top-image-16-1200x800.jpg 1200w, https:\/\/www.essgroup.se\/wp-content\/uploads\/2018\/08\/falkenberg-strandbaden-slide-top-image-16.jpg 2400w\" sizes=\"(min-width: 2200px) 100vw, (min-width: 732px) 645px, (min-width: 640px) 732px, \" \/><\/a><\/div><\/div><\/div><div class=\"swiper-slide\"><div class=\"fusion-carousel-item-wrapper\"><div class=\"fusion-image-wrapper hover-type-zoomin\"><a data-rel=\"iLightbox[image_carousel_1]\" data-title=\"falkenberg-strandbad-skrea-strand-7\" aria-label=\"falkenberg-strandbad-skrea-strand-7\" href=\"https:\/\/www.essgroup.se\/wp-content\/uploads\/2015\/11\/falkenberg-strandbad-skrea-strand-7.jpg\" target=\"_self\"><img decoding=\"async\" width=\"2400\" height=\"1600\" src=\"https:\/\/www.essgroup.se\/wp-content\/uploads\/2015\/11\/falkenberg-strandbad-skrea-strand-7.jpg\" class=\"attachment-full size-full\" alt=\"\" srcset=\"https:\/\/www.essgroup.se\/wp-content\/uploads\/2015\/11\/falkenberg-strandbad-skrea-strand-7-200x133.jpg 200w, https:\/\/www.essgroup.se\/wp-content\/uploads\/2015\/11\/falkenberg-strandbad-skrea-strand-7-400x267.jpg 400w, https:\/\/www.essgroup.se\/wp-content\/uploads\/2015\/11\/falkenberg-strandbad-skrea-strand-7-600x400.jpg 600w, https:\/\/www.essgroup.se\/wp-content\/uploads\/2015\/11\/falkenberg-strandbad-skrea-strand-7-800x533.jpg 800w, https:\/\/www.essgroup.se\/wp-content\/uploads\/2015\/11\/falkenberg-strandbad-skrea-strand-7-1200x800.jpg 1200w, https:\/\/www.essgroup.se\/wp-content\/uploads\/2015\/11\/falkenberg-strandbad-skrea-strand-7.jpg 2400w\" sizes=\"(min-width: 2200px) 100vw, (min-width: 732px) 645px, (min-width: 640px) 732px, \" \/><\/a><\/div><\/div><\/div><div class=\"swiper-slide\"><div class=\"fusion-carousel-item-wrapper\"><div class=\"fusion-image-wrapper hover-type-zoomin\"><a data-rel=\"iLightbox[image_carousel_1]\" data-title=\"falkenberg-strandbad-skrea-strand-3\" aria-label=\"falkenberg-strandbad-skrea-strand-3\" href=\"https:\/\/www.essgroup.se\/wp-content\/uploads\/2015\/11\/falkenberg-strandbad-skrea-strand-3-1.jpg\" target=\"_self\"><img decoding=\"async\" width=\"2400\" height=\"1600\" src=\"https:\/\/www.essgroup.se\/wp-content\/uploads\/2015\/11\/falkenberg-strandbad-skrea-strand-3-1.jpg\" class=\"attachment-full size-full\" alt=\"\" srcset=\"https:\/\/www.essgroup.se\/wp-content\/uploads\/2015\/11\/falkenberg-strandbad-skrea-strand-3-1-200x133.jpg 200w, https:\/\/www.essgroup.se\/wp-content\/uploads\/2015\/11\/falkenberg-strandbad-skrea-strand-3-1-400x267.jpg 400w, https:\/\/www.essgroup.se\/wp-content\/uploads\/2015\/11\/falkenberg-strandbad-skrea-strand-3-1-600x400.jpg 600w, https:\/\/www.essgroup.se\/wp-content\/uploads\/2015\/11\/falkenberg-strandbad-skrea-strand-3-1-800x533.jpg 800w, https:\/\/www.essgroup.se\/wp-content\/uploads\/2015\/11\/falkenberg-strandbad-skrea-strand-3-1-1200x800.jpg 1200w, https:\/\/www.essgroup.se\/wp-content\/uploads\/2015\/11\/falkenberg-strandbad-skrea-strand-3-1.jpg 2400w\" sizes=\"(min-width: 2200px) 100vw, (min-width: 732px) 645px, (min-width: 640px) 732px, \" \/><\/a><\/div><\/div><\/div><div class=\"swiper-slide\"><div class=\"fusion-carousel-item-wrapper\"><div class=\"fusion-image-wrapper hover-type-zoomin\"><a data-rel=\"iLightbox[image_carousel_1]\" data-title=\"falkenberg-strandbad-skrea-strand-4\" aria-label=\"falkenberg-strandbad-skrea-strand-4\" href=\"https:\/\/www.essgroup.se\/wp-content\/uploads\/2015\/11\/falkenberg-strandbad-skrea-strand-4-1.jpg\" target=\"_self\"><img decoding=\"async\" width=\"2400\" height=\"1600\" src=\"https:\/\/www.essgroup.se\/wp-content\/uploads\/2015\/11\/falkenberg-strandbad-skrea-strand-4-1.jpg\" class=\"attachment-full size-full\" alt=\"\" srcset=\"https:\/\/www.essgroup.se\/wp-content\/uploads\/2015\/11\/falkenberg-strandbad-skrea-strand-4-1-200x133.jpg 200w, https:\/\/www.essgroup.se\/wp-content\/uploads\/2015\/11\/falkenberg-strandbad-skrea-strand-4-1-400x267.jpg 400w, https:\/\/www.essgroup.se\/wp-content\/uploads\/2015\/11\/falkenberg-strandbad-skrea-strand-4-1-600x400.jpg 600w, https:\/\/www.essgroup.se\/wp-content\/uploads\/2015\/11\/falkenberg-strandbad-skrea-strand-4-1-800x533.jpg 800w, https:\/\/www.essgroup.se\/wp-content\/uploads\/2015\/11\/falkenberg-strandbad-skrea-strand-4-1-1200x800.jpg 1200w, https:\/\/www.essgroup.se\/wp-content\/uploads\/2015\/11\/falkenberg-strandbad-skrea-strand-4-1.jpg 2400w\" sizes=\"(min-width: 2200px) 100vw, (min-width: 732px) 645px, (min-width: 640px) 732px, \" \/><\/a><\/div><\/div><\/div><div class=\"swiper-slide\"><div class=\"fusion-carousel-item-wrapper\"><div class=\"fusion-image-wrapper hover-type-zoomin\"><a data-rel=\"iLightbox[image_carousel_1]\" data-title=\"falkenberg-strandbad-skrea-strand-6\" aria-label=\"falkenberg-strandbad-skrea-strand-6\" href=\"https:\/\/www.essgroup.se\/wp-content\/uploads\/2015\/11\/falkenberg-strandbad-skrea-strand-6.jpg\" target=\"_self\"><img decoding=\"async\" width=\"2400\" height=\"1600\" src=\"https:\/\/www.essgroup.se\/wp-content\/uploads\/2015\/11\/falkenberg-strandbad-skrea-strand-6.jpg\" class=\"attachment-full size-full\" alt=\"\" srcset=\"https:\/\/www.essgroup.se\/wp-content\/uploads\/2015\/11\/falkenberg-strandbad-skrea-strand-6-200x133.jpg 200w, https:\/\/www.essgroup.se\/wp-content\/uploads\/2015\/11\/falkenberg-strandbad-skrea-strand-6-400x267.jpg 400w, https:\/\/www.essgroup.se\/wp-content\/uploads\/2015\/11\/falkenberg-strandbad-skrea-strand-6-600x400.jpg 600w, https:\/\/www.essgroup.se\/wp-content\/uploads\/2015\/11\/falkenberg-strandbad-skrea-strand-6-800x533.jpg 800w, https:\/\/www.essgroup.se\/wp-content\/uploads\/2015\/11\/falkenberg-strandbad-skrea-strand-6-1200x800.jpg 1200w, https:\/\/www.essgroup.se\/wp-content\/uploads\/2015\/11\/falkenberg-strandbad-skrea-strand-6.jpg 2400w\" sizes=\"(min-width: 2200px) 100vw, (min-width: 732px) 645px, (min-width: 640px) 732px, \" \/><\/a><\/div><\/div><\/div><\/div><div class=\"awb-swiper-button awb-swiper-button-prev\"><i class=\"awb-icon-angle-left\" aria-hidden=\"true\"><\/i><\/div><div class=\"awb-swiper-button awb-swiper-button-next\"><i class=\"awb-icon-angle-right\" aria-hidden=\"true\"><\/i><\/div><\/div><\/div><div class=\"fusion-clearfix\"><\/div><\/div><\/div><\/div><\/div><div class=\"fusion-fullwidth fullwidth-box fusion-builder-row-3 hundred-percent-fullwidth non-hundred-percent-height-scrolling fusion-no-medium-visibility fusion-no-large-visibility\" style=\"--awb-background-position:left top;--awb-border-radius-top-left:0px;--awb-border-radius-top-right:0px;--awb-border-radius-bottom-right:0px;--awb-border-radius-bottom-left:0px;--awb-padding-top:40px;--awb-padding-right:-30%;--awb-padding-bottom:0px;--awb-padding-left:-30%;--awb-margin-bottom:0px;--awb-background-color:rgba(32,35,44,0);--awb-border-sizes-top:0px;--awb-border-sizes-bottom:0px;--awb-flex-wrap:wrap;\" ><div class=\"fusion-builder-row fusion-row\"><div class=\"fusion-layout-column fusion_builder_column fusion-builder-column-4 fusion_builder_column_1_1 1_1 fusion-one-full fusion-column-first fusion-column-last\" style=\"--awb-bg-size:cover;\"><div class=\"fusion-column-wrapper fusion-flex-column-wrapper-legacy\"><div class=\"fusion-image-carousel fusion-image-carousel-auto fusion-image-carousel-2 lightbox-enabled\"><div class=\"awb-carousel awb-swiper awb-swiper-carousel awb-carousel--carousel awb-swiper-dots-position-bottom\" data-layout=\"carousel\" data-autoplay=\"yes\" data-autoplayspeed=\"4250\" data-autoplaypause=\"no\" data-loop=\"yes\" data-columns=\"2\" data-columnsmedium=\"1\" data-columnssmall=\"1\" data-itemmargin=\"0\" data-itemwidth=\"180\" data-touchscroll=\"no\" data-freemode=\"no\" data-imagesize=\"auto\" data-scrollitems=\"0\" data-centeredslides=\"no\" data-rotationangle=\"50\" data-depth=\"100\" data-speed=\"500\" data-shadow=\"no\" data-pagination=\"bullets\" style=\"--awb-columns:2;--awb-column-spacing:0px;\"><div class=\"swiper-wrapper awb-image-carousel-wrapper fusion-flex-align-items-center\"><div class=\"swiper-slide\"><div class=\"fusion-carousel-item-wrapper\"><div class=\"fusion-image-wrapper hover-type-zoomin\"><a data-rel=\"iLightbox[image_carousel_2]\" data-title=\"falkenberg-strandbaden-slide-top-image-1\" aria-label=\"falkenberg-strandbaden-slide-top-image-1\" href=\"https:\/\/www.essgroup.se\/wp-content\/uploads\/2018\/08\/falkenberg-strandbaden-slide-top-image-1.jpg\" target=\"_self\"><img decoding=\"async\" width=\"2400\" height=\"1600\" src=\"https:\/\/www.essgroup.se\/wp-content\/uploads\/2018\/08\/falkenberg-strandbaden-slide-top-image-1.jpg\" class=\"attachment-full size-full\" alt=\"\" srcset=\"https:\/\/www.essgroup.se\/wp-content\/uploads\/2018\/08\/falkenberg-strandbaden-slide-top-image-1-200x133.jpg 200w, https:\/\/www.essgroup.se\/wp-content\/uploads\/2018\/08\/falkenberg-strandbaden-slide-top-image-1-400x267.jpg 400w, https:\/\/www.essgroup.se\/wp-content\/uploads\/2018\/08\/falkenberg-strandbaden-slide-top-image-1-600x400.jpg 600w, https:\/\/www.essgroup.se\/wp-content\/uploads\/2018\/08\/falkenberg-strandbaden-slide-top-image-1-800x533.jpg 800w, https:\/\/www.essgroup.se\/wp-content\/uploads\/2018\/08\/falkenberg-strandbaden-slide-top-image-1-1200x800.jpg 1200w, https:\/\/www.essgroup.se\/wp-content\/uploads\/2018\/08\/falkenberg-strandbaden-slide-top-image-1.jpg 2400w\" sizes=\"(min-width: 2200px) 100vw, (min-width: 732px) 645px, (min-width: 640px) 732px, \" \/><\/a><\/div><\/div><\/div><div class=\"swiper-slide\"><div class=\"fusion-carousel-item-wrapper\"><div class=\"fusion-image-wrapper hover-type-zoomin\"><a data-rel=\"iLightbox[image_carousel_2]\" data-title=\"falkenberg-strandbaden-slide-top-image-2\" aria-label=\"falkenberg-strandbaden-slide-top-image-2\" href=\"https:\/\/www.essgroup.se\/wp-content\/uploads\/2018\/08\/falkenberg-strandbaden-slide-top-image-2.jpg\" target=\"_self\"><img decoding=\"async\" width=\"2400\" height=\"1600\" src=\"https:\/\/www.essgroup.se\/wp-content\/uploads\/2018\/08\/falkenberg-strandbaden-slide-top-image-2.jpg\" class=\"attachment-full size-full\" alt=\"\" srcset=\"https:\/\/www.essgroup.se\/wp-content\/uploads\/2018\/08\/falkenberg-strandbaden-slide-top-image-2-200x133.jpg 200w, https:\/\/www.essgroup.se\/wp-content\/uploads\/2018\/08\/falkenberg-strandbaden-slide-top-image-2-400x267.jpg 400w, https:\/\/www.essgroup.se\/wp-content\/uploads\/2018\/08\/falkenberg-strandbaden-slide-top-image-2-600x400.jpg 600w, https:\/\/www.essgroup.se\/wp-content\/uploads\/2018\/08\/falkenberg-strandbaden-slide-top-image-2-800x533.jpg 800w, https:\/\/www.essgroup.se\/wp-content\/uploads\/2018\/08\/falkenberg-strandbaden-slide-top-image-2-1200x800.jpg 1200w, https:\/\/www.essgroup.se\/wp-content\/uploads\/2018\/08\/falkenberg-strandbaden-slide-top-image-2.jpg 2400w\" sizes=\"(min-width: 2200px) 100vw, (min-width: 732px) 645px, (min-width: 640px) 732px, \" \/><\/a><\/div><\/div><\/div><div class=\"swiper-slide\"><div class=\"fusion-carousel-item-wrapper\"><div class=\"fusion-image-wrapper hover-type-zoomin\"><a data-rel=\"iLightbox[image_carousel_2]\" data-title=\"falkenberg-strandbaden-slide-top-image-3\" aria-label=\"falkenberg-strandbaden-slide-top-image-3\" href=\"https:\/\/www.essgroup.se\/wp-content\/uploads\/2018\/08\/falkenberg-strandbaden-slide-top-image-3.jpg\" target=\"_self\"><img decoding=\"async\" width=\"2400\" height=\"1600\" src=\"https:\/\/www.essgroup.se\/wp-content\/uploads\/2018\/08\/falkenberg-strandbaden-slide-top-image-3.jpg\" class=\"attachment-full size-full\" alt=\"\" srcset=\"https:\/\/www.essgroup.se\/wp-content\/uploads\/2018\/08\/falkenberg-strandbaden-slide-top-image-3-200x133.jpg 200w, https:\/\/www.essgroup.se\/wp-content\/uploads\/2018\/08\/falkenberg-strandbaden-slide-top-image-3-400x267.jpg 400w, https:\/\/www.essgroup.se\/wp-content\/uploads\/2018\/08\/falkenberg-strandbaden-slide-top-image-3-600x400.jpg 600w, https:\/\/www.essgroup.se\/wp-content\/uploads\/2018\/08\/falkenberg-strandbaden-slide-top-image-3-800x533.jpg 800w, https:\/\/www.essgroup.se\/wp-content\/uploads\/2018\/08\/falkenberg-strandbaden-slide-top-image-3-1200x800.jpg 1200w, https:\/\/www.essgroup.se\/wp-content\/uploads\/2018\/08\/falkenberg-strandbaden-slide-top-image-3.jpg 2400w\" sizes=\"(min-width: 2200px) 100vw, (min-width: 732px) 645px, (min-width: 640px) 732px, \" \/><\/a><\/div><\/div><\/div><div class=\"swiper-slide\"><div class=\"fusion-carousel-item-wrapper\"><div class=\"fusion-image-wrapper hover-type-zoomin\"><a data-rel=\"iLightbox[image_carousel_2]\" data-title=\"falkenberg-strandbaden-slide-top-image-4\" aria-label=\"falkenberg-strandbaden-slide-top-image-4\" href=\"https:\/\/www.essgroup.se\/wp-content\/uploads\/2018\/08\/falkenberg-strandbaden-slide-top-image-4.jpg\" target=\"_self\"><img decoding=\"async\" width=\"2400\" height=\"1600\" src=\"https:\/\/www.essgroup.se\/wp-content\/uploads\/2018\/08\/falkenberg-strandbaden-slide-top-image-4.jpg\" class=\"attachment-full size-full\" alt=\"\" srcset=\"https:\/\/www.essgroup.se\/wp-content\/uploads\/2018\/08\/falkenberg-strandbaden-slide-top-image-4-200x133.jpg 200w, https:\/\/www.essgroup.se\/wp-content\/uploads\/2018\/08\/falkenberg-strandbaden-slide-top-image-4-400x267.jpg 400w, https:\/\/www.essgroup.se\/wp-content\/uploads\/2018\/08\/falkenberg-strandbaden-slide-top-image-4-600x400.jpg 600w, https:\/\/www.essgroup.se\/wp-content\/uploads\/2018\/08\/falkenberg-strandbaden-slide-top-image-4-800x533.jpg 800w, https:\/\/www.essgroup.se\/wp-content\/uploads\/2018\/08\/falkenberg-strandbaden-slide-top-image-4-1200x800.jpg 1200w, https:\/\/www.essgroup.se\/wp-content\/uploads\/2018\/08\/falkenberg-strandbaden-slide-top-image-4.jpg 2400w\" sizes=\"(min-width: 2200px) 100vw, (min-width: 732px) 645px, (min-width: 640px) 732px, \" \/><\/a><\/div><\/div><\/div><div class=\"swiper-slide\"><div class=\"fusion-carousel-item-wrapper\"><div class=\"fusion-image-wrapper hover-type-zoomin\"><a data-rel=\"iLightbox[image_carousel_2]\" data-title=\"falkenberg-strandbaden-slide-top-image-5\" aria-label=\"falkenberg-strandbaden-slide-top-image-5\" href=\"https:\/\/www.essgroup.se\/wp-content\/uploads\/2018\/08\/falkenberg-strandbaden-slide-top-image-5.jpg\" target=\"_self\"><img decoding=\"async\" width=\"2400\" height=\"1600\" src=\"https:\/\/www.essgroup.se\/wp-content\/uploads\/2018\/08\/falkenberg-strandbaden-slide-top-image-5.jpg\" class=\"attachment-full size-full\" alt=\"\" srcset=\"https:\/\/www.essgroup.se\/wp-content\/uploads\/2018\/08\/falkenberg-strandbaden-slide-top-image-5-200x133.jpg 200w, https:\/\/www.essgroup.se\/wp-content\/uploads\/2018\/08\/falkenberg-strandbaden-slide-top-image-5-400x267.jpg 400w, https:\/\/www.essgroup.se\/wp-content\/uploads\/2018\/08\/falkenberg-strandbaden-slide-top-image-5-600x400.jpg 600w, https:\/\/www.essgroup.se\/wp-content\/uploads\/2018\/08\/falkenberg-strandbaden-slide-top-image-5-800x533.jpg 800w, https:\/\/www.essgroup.se\/wp-content\/uploads\/2018\/08\/falkenberg-strandbaden-slide-top-image-5-1200x800.jpg 1200w, https:\/\/www.essgroup.se\/wp-content\/uploads\/2018\/08\/falkenberg-strandbaden-slide-top-image-5.jpg 2400w\" sizes=\"(min-width: 2200px) 100vw, (min-width: 732px) 645px, (min-width: 640px) 732px, \" \/><\/a><\/div><\/div><\/div><div class=\"swiper-slide\"><div class=\"fusion-carousel-item-wrapper\"><div class=\"fusion-image-wrapper hover-type-zoomin\"><a data-rel=\"iLightbox[image_carousel_2]\" data-title=\"falkenberg-strandbad-skrea-strand-5\" aria-label=\"falkenberg-strandbad-skrea-strand-5\" href=\"https:\/\/www.essgroup.se\/wp-content\/uploads\/2015\/11\/falkenberg-strandbad-skrea-strand-5.jpg\" target=\"_self\"><img decoding=\"async\" width=\"2400\" height=\"1600\" src=\"https:\/\/www.essgroup.se\/wp-content\/uploads\/2015\/11\/falkenberg-strandbad-skrea-strand-5.jpg\" class=\"attachment-full size-full\" alt=\"\" srcset=\"https:\/\/www.essgroup.se\/wp-content\/uploads\/2015\/11\/falkenberg-strandbad-skrea-strand-5-200x133.jpg 200w, https:\/\/www.essgroup.se\/wp-content\/uploads\/2015\/11\/falkenberg-strandbad-skrea-strand-5-400x267.jpg 400w, https:\/\/www.essgroup.se\/wp-content\/uploads\/2015\/11\/falkenberg-strandbad-skrea-strand-5-600x400.jpg 600w, https:\/\/www.essgroup.se\/wp-content\/uploads\/2015\/11\/falkenberg-strandbad-skrea-strand-5-800x533.jpg 800w, https:\/\/www.essgroup.se\/wp-content\/uploads\/2015\/11\/falkenberg-strandbad-skrea-strand-5-1200x800.jpg 1200w, https:\/\/www.essgroup.se\/wp-content\/uploads\/2015\/11\/falkenberg-strandbad-skrea-strand-5.jpg 2400w\" sizes=\"(min-width: 2200px) 100vw, (min-width: 732px) 645px, (min-width: 640px) 732px, \" \/><\/a><\/div><\/div><\/div><div class=\"swiper-slide\"><div class=\"fusion-carousel-item-wrapper\"><div class=\"fusion-image-wrapper hover-type-zoomin\"><a data-rel=\"iLightbox[image_carousel_2]\" data-title=\"falkenberg-strandbad-skrea-strand-1\" aria-label=\"falkenberg-strandbad-skrea-strand-1\" href=\"https:\/\/www.essgroup.se\/wp-content\/uploads\/2015\/11\/falkenberg-strandbad-skrea-strand-1-1.jpg\" target=\"_self\"><img decoding=\"async\" width=\"2400\" height=\"1600\" src=\"https:\/\/www.essgroup.se\/wp-content\/uploads\/2015\/11\/falkenberg-strandbad-skrea-strand-1-1.jpg\" class=\"attachment-full size-full\" alt=\"\" srcset=\"https:\/\/www.essgroup.se\/wp-content\/uploads\/2015\/11\/falkenberg-strandbad-skrea-strand-1-1-200x133.jpg 200w, https:\/\/www.essgroup.se\/wp-content\/uploads\/2015\/11\/falkenberg-strandbad-skrea-strand-1-1-400x267.jpg 400w, https:\/\/www.essgroup.se\/wp-content\/uploads\/2015\/11\/falkenberg-strandbad-skrea-strand-1-1-600x400.jpg 600w, https:\/\/www.essgroup.se\/wp-content\/uploads\/2015\/11\/falkenberg-strandbad-skrea-strand-1-1-800x533.jpg 800w, https:\/\/www.essgroup.se\/wp-content\/uploads\/2015\/11\/falkenberg-strandbad-skrea-strand-1-1-1200x800.jpg 1200w, https:\/\/www.essgroup.se\/wp-content\/uploads\/2015\/11\/falkenberg-strandbad-skrea-strand-1-1.jpg 2400w\" sizes=\"(min-width: 2200px) 100vw, (min-width: 732px) 645px, (min-width: 640px) 732px, \" \/><\/a><\/div><\/div><\/div><div class=\"swiper-slide\"><div class=\"fusion-carousel-item-wrapper\"><div class=\"fusion-image-wrapper hover-type-zoomin\"><a data-rel=\"iLightbox[image_carousel_2]\" data-title=\"falkenberg-strandbaden-slide-top-image-6\" aria-label=\"falkenberg-strandbaden-slide-top-image-6\" href=\"https:\/\/www.essgroup.se\/wp-content\/uploads\/2018\/08\/falkenberg-strandbaden-slide-top-image-6.jpg\" target=\"_self\"><img decoding=\"async\" width=\"2400\" height=\"1600\" src=\"https:\/\/www.essgroup.se\/wp-content\/uploads\/2018\/08\/falkenberg-strandbaden-slide-top-image-6.jpg\" class=\"attachment-full size-full\" alt=\"\" srcset=\"https:\/\/www.essgroup.se\/wp-content\/uploads\/2018\/08\/falkenberg-strandbaden-slide-top-image-6-200x133.jpg 200w, https:\/\/www.essgroup.se\/wp-content\/uploads\/2018\/08\/falkenberg-strandbaden-slide-top-image-6-400x267.jpg 400w, https:\/\/www.essgroup.se\/wp-content\/uploads\/2018\/08\/falkenberg-strandbaden-slide-top-image-6-600x400.jpg 600w, https:\/\/www.essgroup.se\/wp-content\/uploads\/2018\/08\/falkenberg-strandbaden-slide-top-image-6-800x533.jpg 800w, https:\/\/www.essgroup.se\/wp-content\/uploads\/2018\/08\/falkenberg-strandbaden-slide-top-image-6-1200x800.jpg 1200w, https:\/\/www.essgroup.se\/wp-content\/uploads\/2018\/08\/falkenberg-strandbaden-slide-top-image-6.jpg 2400w\" sizes=\"(min-width: 2200px) 100vw, (min-width: 732px) 645px, (min-width: 640px) 732px, \" \/><\/a><\/div><\/div><\/div><div class=\"swiper-slide\"><div class=\"fusion-carousel-item-wrapper\"><div class=\"fusion-image-wrapper hover-type-zoomin\"><a data-rel=\"iLightbox[image_carousel_2]\" data-title=\"falkenberg-strandbaden-slide-top-image-7\" aria-label=\"falkenberg-strandbaden-slide-top-image-7\" href=\"https:\/\/www.essgroup.se\/wp-content\/uploads\/2018\/08\/falkenberg-strandbaden-slide-top-image-7.jpg\" target=\"_self\"><img decoding=\"async\" width=\"2400\" height=\"1600\" src=\"https:\/\/www.essgroup.se\/wp-content\/uploads\/2018\/08\/falkenberg-strandbaden-slide-top-image-7.jpg\" class=\"attachment-full size-full\" alt=\"\" srcset=\"https:\/\/www.essgroup.se\/wp-content\/uploads\/2018\/08\/falkenberg-strandbaden-slide-top-image-7-200x133.jpg 200w, https:\/\/www.essgroup.se\/wp-content\/uploads\/2018\/08\/falkenberg-strandbaden-slide-top-image-7-400x267.jpg 400w, https:\/\/www.essgroup.se\/wp-content\/uploads\/2018\/08\/falkenberg-strandbaden-slide-top-image-7-600x400.jpg 600w, https:\/\/www.essgroup.se\/wp-content\/uploads\/2018\/08\/falkenberg-strandbaden-slide-top-image-7-800x533.jpg 800w, https:\/\/www.essgroup.se\/wp-content\/uploads\/2018\/08\/falkenberg-strandbaden-slide-top-image-7-1200x800.jpg 1200w, https:\/\/www.essgroup.se\/wp-content\/uploads\/2018\/08\/falkenberg-strandbaden-slide-top-image-7.jpg 2400w\" sizes=\"(min-width: 2200px) 100vw, (min-width: 732px) 645px, (min-width: 640px) 732px, \" \/><\/a><\/div><\/div><\/div><div class=\"swiper-slide\"><div class=\"fusion-carousel-item-wrapper\"><div class=\"fusion-image-wrapper hover-type-zoomin\"><a data-rel=\"iLightbox[image_carousel_2]\" data-title=\"falkenberg-strandbaden-slide-top-image-8\" aria-label=\"falkenberg-strandbaden-slide-top-image-8\" href=\"https:\/\/www.essgroup.se\/wp-content\/uploads\/2018\/08\/falkenberg-strandbaden-slide-top-image-8.jpg\" target=\"_self\"><img decoding=\"async\" width=\"2400\" height=\"1600\" src=\"https:\/\/www.essgroup.se\/wp-content\/uploads\/2018\/08\/falkenberg-strandbaden-slide-top-image-8.jpg\" class=\"attachment-full size-full\" alt=\"\" srcset=\"https:\/\/www.essgroup.se\/wp-content\/uploads\/2018\/08\/falkenberg-strandbaden-slide-top-image-8-200x133.jpg 200w, https:\/\/www.essgroup.se\/wp-content\/uploads\/2018\/08\/falkenberg-strandbaden-slide-top-image-8-400x267.jpg 400w, https:\/\/www.essgroup.se\/wp-content\/uploads\/2018\/08\/falkenberg-strandbaden-slide-top-image-8-600x400.jpg 600w, https:\/\/www.essgroup.se\/wp-content\/uploads\/2018\/08\/falkenberg-strandbaden-slide-top-image-8-800x533.jpg 800w, https:\/\/www.essgroup.se\/wp-content\/uploads\/2018\/08\/falkenberg-strandbaden-slide-top-image-8-1200x800.jpg 1200w, https:\/\/www.essgroup.se\/wp-content\/uploads\/2018\/08\/falkenberg-strandbaden-slide-top-image-8.jpg 2400w\" sizes=\"(min-width: 2200px) 100vw, (min-width: 732px) 645px, (min-width: 640px) 732px, \" \/><\/a><\/div><\/div><\/div><div class=\"swiper-slide\"><div class=\"fusion-carousel-item-wrapper\"><div class=\"fusion-image-wrapper hover-type-zoomin\"><a data-rel=\"iLightbox[image_carousel_2]\" data-title=\"falkenberg-strandbaden-slide-top-image-9\" aria-label=\"falkenberg-strandbaden-slide-top-image-9\" href=\"https:\/\/www.essgroup.se\/wp-content\/uploads\/2018\/08\/falkenberg-strandbaden-slide-top-image-9.jpg\" target=\"_self\"><img decoding=\"async\" width=\"2400\" height=\"1600\" src=\"https:\/\/www.essgroup.se\/wp-content\/uploads\/2018\/08\/falkenberg-strandbaden-slide-top-image-9.jpg\" class=\"attachment-full size-full\" alt=\"\" srcset=\"https:\/\/www.essgroup.se\/wp-content\/uploads\/2018\/08\/falkenberg-strandbaden-slide-top-image-9-200x133.jpg 200w, https:\/\/www.essgroup.se\/wp-content\/uploads\/2018\/08\/falkenberg-strandbaden-slide-top-image-9-400x267.jpg 400w, https:\/\/www.essgroup.se\/wp-content\/uploads\/2018\/08\/falkenberg-strandbaden-slide-top-image-9-600x400.jpg 600w, https:\/\/www.essgroup.se\/wp-content\/uploads\/2018\/08\/falkenberg-strandbaden-slide-top-image-9-800x533.jpg 800w, https:\/\/www.essgroup.se\/wp-content\/uploads\/2018\/08\/falkenberg-strandbaden-slide-top-image-9-1200x800.jpg 1200w, https:\/\/www.essgroup.se\/wp-content\/uploads\/2018\/08\/falkenberg-strandbaden-slide-top-image-9.jpg 2400w\" sizes=\"(min-width: 2200px) 100vw, (min-width: 732px) 645px, (min-width: 640px) 732px, \" \/><\/a><\/div><\/div><\/div><div class=\"swiper-slide\"><div class=\"fusion-carousel-item-wrapper\"><div class=\"fusion-image-wrapper hover-type-zoomin\"><a data-rel=\"iLightbox[image_carousel_2]\" data-title=\"falkenberg-strandbaden-slide-top-image-10\" aria-label=\"falkenberg-strandbaden-slide-top-image-10\" href=\"https:\/\/www.essgroup.se\/wp-content\/uploads\/2018\/08\/falkenberg-strandbaden-slide-top-image-10.jpg\" target=\"_self\"><img decoding=\"async\" width=\"2400\" height=\"1600\" src=\"https:\/\/www.essgroup.se\/wp-content\/uploads\/2018\/08\/falkenberg-strandbaden-slide-top-image-10.jpg\" class=\"attachment-full size-full\" alt=\"\" srcset=\"https:\/\/www.essgroup.se\/wp-content\/uploads\/2018\/08\/falkenberg-strandbaden-slide-top-image-10-200x133.jpg 200w, https:\/\/www.essgroup.se\/wp-content\/uploads\/2018\/08\/falkenberg-strandbaden-slide-top-image-10-400x267.jpg 400w, https:\/\/www.essgroup.se\/wp-content\/uploads\/2018\/08\/falkenberg-strandbaden-slide-top-image-10-600x400.jpg 600w, https:\/\/www.essgroup.se\/wp-content\/uploads\/2018\/08\/falkenberg-strandbaden-slide-top-image-10-800x533.jpg 800w, https:\/\/www.essgroup.se\/wp-content\/uploads\/2018\/08\/falkenberg-strandbaden-slide-top-image-10-1200x800.jpg 1200w, https:\/\/www.essgroup.se\/wp-content\/uploads\/2018\/08\/falkenberg-strandbaden-slide-top-image-10.jpg 2400w\" sizes=\"(min-width: 2200px) 100vw, (min-width: 732px) 645px, (min-width: 640px) 732px, \" \/><\/a><\/div><\/div><\/div><div class=\"swiper-slide\"><div class=\"fusion-carousel-item-wrapper\"><div class=\"fusion-image-wrapper hover-type-zoomin\"><a data-rel=\"iLightbox[image_carousel_2]\" data-title=\"falkenberg-strandbaden-slide-top-image-11\" aria-label=\"falkenberg-strandbaden-slide-top-image-11\" href=\"https:\/\/www.essgroup.se\/wp-content\/uploads\/2018\/08\/falkenberg-strandbaden-slide-top-image-11.jpg\" target=\"_self\"><img decoding=\"async\" width=\"2400\" height=\"1600\" src=\"https:\/\/www.essgroup.se\/wp-content\/uploads\/2018\/08\/falkenberg-strandbaden-slide-top-image-11.jpg\" class=\"attachment-full size-full\" alt=\"\" srcset=\"https:\/\/www.essgroup.se\/wp-content\/uploads\/2018\/08\/falkenberg-strandbaden-slide-top-image-11-200x133.jpg 200w, https:\/\/www.essgroup.se\/wp-content\/uploads\/2018\/08\/falkenberg-strandbaden-slide-top-image-11-400x267.jpg 400w, https:\/\/www.essgroup.se\/wp-content\/uploads\/2018\/08\/falkenberg-strandbaden-slide-top-image-11-600x400.jpg 600w, https:\/\/www.essgroup.se\/wp-content\/uploads\/2018\/08\/falkenberg-strandbaden-slide-top-image-11-800x533.jpg 800w, https:\/\/www.essgroup.se\/wp-content\/uploads\/2018\/08\/falkenberg-strandbaden-slide-top-image-11-1200x800.jpg 1200w, https:\/\/www.essgroup.se\/wp-content\/uploads\/2018\/08\/falkenberg-strandbaden-slide-top-image-11.jpg 2400w\" sizes=\"(min-width: 2200px) 100vw, (min-width: 732px) 645px, (min-width: 640px) 732px, \" \/><\/a><\/div><\/div><\/div><div class=\"swiper-slide\"><div class=\"fusion-carousel-item-wrapper\"><div class=\"fusion-image-wrapper hover-type-zoomin\"><a data-rel=\"iLightbox[image_carousel_2]\" data-title=\"falkenberg-strandbaden-slide-top-image-12\" aria-label=\"falkenberg-strandbaden-slide-top-image-12\" href=\"https:\/\/www.essgroup.se\/wp-content\/uploads\/2018\/08\/falkenberg-strandbaden-slide-top-image-12.jpg\" target=\"_self\"><img decoding=\"async\" width=\"2400\" height=\"1600\" src=\"https:\/\/www.essgroup.se\/wp-content\/uploads\/2018\/08\/falkenberg-strandbaden-slide-top-image-12.jpg\" class=\"attachment-full size-full\" alt=\"\" srcset=\"https:\/\/www.essgroup.se\/wp-content\/uploads\/2018\/08\/falkenberg-strandbaden-slide-top-image-12-200x133.jpg 200w, https:\/\/www.essgroup.se\/wp-content\/uploads\/2018\/08\/falkenberg-strandbaden-slide-top-image-12-400x267.jpg 400w, https:\/\/www.essgroup.se\/wp-content\/uploads\/2018\/08\/falkenberg-strandbaden-slide-top-image-12-600x400.jpg 600w, https:\/\/www.essgroup.se\/wp-content\/uploads\/2018\/08\/falkenberg-strandbaden-slide-top-image-12-800x533.jpg 800w, https:\/\/www.essgroup.se\/wp-content\/uploads\/2018\/08\/falkenberg-strandbaden-slide-top-image-12-1200x800.jpg 1200w, https:\/\/www.essgroup.se\/wp-content\/uploads\/2018\/08\/falkenberg-strandbaden-slide-top-image-12.jpg 2400w\" sizes=\"(min-width: 2200px) 100vw, (min-width: 732px) 645px, (min-width: 640px) 732px, \" \/><\/a><\/div><\/div><\/div><div class=\"swiper-slide\"><div class=\"fusion-carousel-item-wrapper\"><div class=\"fusion-image-wrapper hover-type-zoomin\"><a data-rel=\"iLightbox[image_carousel_2]\" data-title=\"falkenberg-strandbad-skrea-strand-2\" aria-label=\"falkenberg-strandbad-skrea-strand-2\" href=\"https:\/\/www.essgroup.se\/wp-content\/uploads\/2015\/11\/falkenberg-strandbad-skrea-strand-2-1.jpg\" target=\"_self\"><img decoding=\"async\" width=\"2400\" height=\"1600\" src=\"https:\/\/www.essgroup.se\/wp-content\/uploads\/2015\/11\/falkenberg-strandbad-skrea-strand-2-1.jpg\" class=\"attachment-full size-full\" alt=\"\" srcset=\"https:\/\/www.essgroup.se\/wp-content\/uploads\/2015\/11\/falkenberg-strandbad-skrea-strand-2-1-200x133.jpg 200w, https:\/\/www.essgroup.se\/wp-content\/uploads\/2015\/11\/falkenberg-strandbad-skrea-strand-2-1-400x267.jpg 400w, https:\/\/www.essgroup.se\/wp-content\/uploads\/2015\/11\/falkenberg-strandbad-skrea-strand-2-1-600x400.jpg 600w, https:\/\/www.essgroup.se\/wp-content\/uploads\/2015\/11\/falkenberg-strandbad-skrea-strand-2-1-800x533.jpg 800w, https:\/\/www.essgroup.se\/wp-content\/uploads\/2015\/11\/falkenberg-strandbad-skrea-strand-2-1-1200x800.jpg 1200w, https:\/\/www.essgroup.se\/wp-content\/uploads\/2015\/11\/falkenberg-strandbad-skrea-strand-2-1.jpg 2400w\" sizes=\"(min-width: 2200px) 100vw, (min-width: 732px) 645px, (min-width: 640px) 732px, \" \/><\/a><\/div><\/div><\/div><div class=\"swiper-slide\"><div class=\"fusion-carousel-item-wrapper\"><div class=\"fusion-image-wrapper hover-type-zoomin\"><a data-rel=\"iLightbox[image_carousel_2]\" data-title=\"falkenberg-strandbaden-slide-top-image-13\" aria-label=\"falkenberg-strandbaden-slide-top-image-13\" href=\"https:\/\/www.essgroup.se\/wp-content\/uploads\/2018\/08\/falkenberg-strandbaden-slide-top-image-13.jpg\" target=\"_self\"><img decoding=\"async\" width=\"2400\" height=\"1600\" src=\"https:\/\/www.essgroup.se\/wp-content\/uploads\/2018\/08\/falkenberg-strandbaden-slide-top-image-13.jpg\" class=\"attachment-full size-full\" alt=\"\" srcset=\"https:\/\/www.essgroup.se\/wp-content\/uploads\/2018\/08\/falkenberg-strandbaden-slide-top-image-13-200x133.jpg 200w, https:\/\/www.essgroup.se\/wp-content\/uploads\/2018\/08\/falkenberg-strandbaden-slide-top-image-13-400x267.jpg 400w, https:\/\/www.essgroup.se\/wp-content\/uploads\/2018\/08\/falkenberg-strandbaden-slide-top-image-13-600x400.jpg 600w, https:\/\/www.essgroup.se\/wp-content\/uploads\/2018\/08\/falkenberg-strandbaden-slide-top-image-13-800x533.jpg 800w, https:\/\/www.essgroup.se\/wp-content\/uploads\/2018\/08\/falkenberg-strandbaden-slide-top-image-13-1200x800.jpg 1200w, https:\/\/www.essgroup.se\/wp-content\/uploads\/2018\/08\/falkenberg-strandbaden-slide-top-image-13.jpg 2400w\" sizes=\"(min-width: 2200px) 100vw, (min-width: 732px) 645px, (min-width: 640px) 732px, \" \/><\/a><\/div><\/div><\/div><div class=\"swiper-slide\"><div class=\"fusion-carousel-item-wrapper\"><div class=\"fusion-image-wrapper hover-type-zoomin\"><a data-rel=\"iLightbox[image_carousel_2]\" data-title=\"falkenberg-strandbaden-slide-top-image-14\" aria-label=\"falkenberg-strandbaden-slide-top-image-14\" href=\"https:\/\/www.essgroup.se\/wp-content\/uploads\/2018\/08\/falkenberg-strandbaden-slide-top-image-14.jpg\" target=\"_self\"><img decoding=\"async\" width=\"2400\" height=\"1600\" src=\"https:\/\/www.essgroup.se\/wp-content\/uploads\/2018\/08\/falkenberg-strandbaden-slide-top-image-14.jpg\" class=\"attachment-full size-full\" alt=\"\" srcset=\"https:\/\/www.essgroup.se\/wp-content\/uploads\/2018\/08\/falkenberg-strandbaden-slide-top-image-14-200x133.jpg 200w, https:\/\/www.essgroup.se\/wp-content\/uploads\/2018\/08\/falkenberg-strandbaden-slide-top-image-14-400x267.jpg 400w, https:\/\/www.essgroup.se\/wp-content\/uploads\/2018\/08\/falkenberg-strandbaden-slide-top-image-14-600x400.jpg 600w, https:\/\/www.essgroup.se\/wp-content\/uploads\/2018\/08\/falkenberg-strandbaden-slide-top-image-14-800x533.jpg 800w, https:\/\/www.essgroup.se\/wp-content\/uploads\/2018\/08\/falkenberg-strandbaden-slide-top-image-14-1200x800.jpg 1200w, https:\/\/www.essgroup.se\/wp-content\/uploads\/2018\/08\/falkenberg-strandbaden-slide-top-image-14.jpg 2400w\" sizes=\"(min-width: 2200px) 100vw, (min-width: 732px) 645px, (min-width: 640px) 732px, \" \/><\/a><\/div><\/div><\/div><div class=\"swiper-slide\"><div class=\"fusion-carousel-item-wrapper\"><div class=\"fusion-image-wrapper hover-type-zoomin\"><a data-rel=\"iLightbox[image_carousel_2]\" data-title=\"falkenberg-strandbaden-slide-top-image-15\" aria-label=\"falkenberg-strandbaden-slide-top-image-15\" href=\"https:\/\/www.essgroup.se\/wp-content\/uploads\/2018\/08\/falkenberg-strandbaden-slide-top-image-15.jpg\" target=\"_self\"><img decoding=\"async\" width=\"2400\" height=\"1600\" src=\"https:\/\/www.essgroup.se\/wp-content\/uploads\/2018\/08\/falkenberg-strandbaden-slide-top-image-15.jpg\" class=\"attachment-full size-full\" alt=\"\" srcset=\"https:\/\/www.essgroup.se\/wp-content\/uploads\/2018\/08\/falkenberg-strandbaden-slide-top-image-15-200x133.jpg 200w, https:\/\/www.essgroup.se\/wp-content\/uploads\/2018\/08\/falkenberg-strandbaden-slide-top-image-15-400x267.jpg 400w, https:\/\/www.essgroup.se\/wp-content\/uploads\/2018\/08\/falkenberg-strandbaden-slide-top-image-15-600x400.jpg 600w, https:\/\/www.essgroup.se\/wp-content\/uploads\/2018\/08\/falkenberg-strandbaden-slide-top-image-15-800x533.jpg 800w, https:\/\/www.essgroup.se\/wp-content\/uploads\/2018\/08\/falkenberg-strandbaden-slide-top-image-15-1200x800.jpg 1200w, https:\/\/www.essgroup.se\/wp-content\/uploads\/2018\/08\/falkenberg-strandbaden-slide-top-image-15.jpg 2400w\" sizes=\"(min-width: 2200px) 100vw, (min-width: 732px) 645px, (min-width: 640px) 732px, \" \/><\/a><\/div><\/div><\/div><div class=\"swiper-slide\"><div class=\"fusion-carousel-item-wrapper\"><div class=\"fusion-image-wrapper hover-type-zoomin\"><a data-rel=\"iLightbox[image_carousel_2]\" data-title=\"falkenberg-strandbaden-slide-top-image-16\" aria-label=\"falkenberg-strandbaden-slide-top-image-16\" href=\"https:\/\/www.essgroup.se\/wp-content\/uploads\/2018\/08\/falkenberg-strandbaden-slide-top-image-16.jpg\" target=\"_self\"><img decoding=\"async\" width=\"2400\" height=\"1600\" src=\"https:\/\/www.essgroup.se\/wp-content\/uploads\/2018\/08\/falkenberg-strandbaden-slide-top-image-16.jpg\" class=\"attachment-full size-full\" alt=\"\" srcset=\"https:\/\/www.essgroup.se\/wp-content\/uploads\/2018\/08\/falkenberg-strandbaden-slide-top-image-16-200x133.jpg 200w, https:\/\/www.essgroup.se\/wp-content\/uploads\/2018\/08\/falkenberg-strandbaden-slide-top-image-16-400x267.jpg 400w, https:\/\/www.essgroup.se\/wp-content\/uploads\/2018\/08\/falkenberg-strandbaden-slide-top-image-16-600x400.jpg 600w, https:\/\/www.essgroup.se\/wp-content\/uploads\/2018\/08\/falkenberg-strandbaden-slide-top-image-16-800x533.jpg 800w, https:\/\/www.essgroup.se\/wp-content\/uploads\/2018\/08\/falkenberg-strandbaden-slide-top-image-16-1200x800.jpg 1200w, https:\/\/www.essgroup.se\/wp-content\/uploads\/2018\/08\/falkenberg-strandbaden-slide-top-image-16.jpg 2400w\" sizes=\"(min-width: 2200px) 100vw, (min-width: 732px) 645px, (min-width: 640px) 732px, \" \/><\/a><\/div><\/div><\/div><div class=\"swiper-slide\"><div class=\"fusion-carousel-item-wrapper\"><div class=\"fusion-image-wrapper hover-type-zoomin\"><a data-rel=\"iLightbox[image_carousel_2]\" data-title=\"falkenberg-strandbad-skrea-strand-7\" aria-label=\"falkenberg-strandbad-skrea-strand-7\" href=\"https:\/\/www.essgroup.se\/wp-content\/uploads\/2015\/11\/falkenberg-strandbad-skrea-strand-7.jpg\" target=\"_self\"><img decoding=\"async\" width=\"2400\" height=\"1600\" src=\"https:\/\/www.essgroup.se\/wp-content\/uploads\/2015\/11\/falkenberg-strandbad-skrea-strand-7.jpg\" class=\"attachment-full size-full\" alt=\"\" srcset=\"https:\/\/www.essgroup.se\/wp-content\/uploads\/2015\/11\/falkenberg-strandbad-skrea-strand-7-200x133.jpg 200w, https:\/\/www.essgroup.se\/wp-content\/uploads\/2015\/11\/falkenberg-strandbad-skrea-strand-7-400x267.jpg 400w, https:\/\/www.essgroup.se\/wp-content\/uploads\/2015\/11\/falkenberg-strandbad-skrea-strand-7-600x400.jpg 600w, https:\/\/www.essgroup.se\/wp-content\/uploads\/2015\/11\/falkenberg-strandbad-skrea-strand-7-800x533.jpg 800w, https:\/\/www.essgroup.se\/wp-content\/uploads\/2015\/11\/falkenberg-strandbad-skrea-strand-7-1200x800.jpg 1200w, https:\/\/www.essgroup.se\/wp-content\/uploads\/2015\/11\/falkenberg-strandbad-skrea-strand-7.jpg 2400w\" sizes=\"(min-width: 2200px) 100vw, (min-width: 732px) 645px, (min-width: 640px) 732px, \" \/><\/a><\/div><\/div><\/div><div class=\"swiper-slide\"><div class=\"fusion-carousel-item-wrapper\"><div class=\"fusion-image-wrapper hover-type-zoomin\"><a data-rel=\"iLightbox[image_carousel_2]\" data-title=\"falkenberg-strandbad-skrea-strand-3\" aria-label=\"falkenberg-strandbad-skrea-strand-3\" href=\"https:\/\/www.essgroup.se\/wp-content\/uploads\/2015\/11\/falkenberg-strandbad-skrea-strand-3-1.jpg\" target=\"_self\"><img decoding=\"async\" width=\"2400\" height=\"1600\" src=\"https:\/\/www.essgroup.se\/wp-content\/uploads\/2015\/11\/falkenberg-strandbad-skrea-strand-3-1.jpg\" class=\"attachment-full size-full\" alt=\"\" srcset=\"https:\/\/www.essgroup.se\/wp-content\/uploads\/2015\/11\/falkenberg-strandbad-skrea-strand-3-1-200x133.jpg 200w, https:\/\/www.essgroup.se\/wp-content\/uploads\/2015\/11\/falkenberg-strandbad-skrea-strand-3-1-400x267.jpg 400w, https:\/\/www.essgroup.se\/wp-content\/uploads\/2015\/11\/falkenberg-strandbad-skrea-strand-3-1-600x400.jpg 600w, https:\/\/www.essgroup.se\/wp-content\/uploads\/2015\/11\/falkenberg-strandbad-skrea-strand-3-1-800x533.jpg 800w, https:\/\/www.essgroup.se\/wp-content\/uploads\/2015\/11\/falkenberg-strandbad-skrea-strand-3-1-1200x800.jpg 1200w, https:\/\/www.essgroup.se\/wp-content\/uploads\/2015\/11\/falkenberg-strandbad-skrea-strand-3-1.jpg 2400w\" sizes=\"(min-width: 2200px) 100vw, (min-width: 732px) 645px, (min-width: 640px) 732px, \" \/><\/a><\/div><\/div><\/div><div class=\"swiper-slide\"><div class=\"fusion-carousel-item-wrapper\"><div class=\"fusion-image-wrapper hover-type-zoomin\"><a data-rel=\"iLightbox[image_carousel_2]\" data-title=\"falkenberg-strandbad-skrea-strand-4\" aria-label=\"falkenberg-strandbad-skrea-strand-4\" href=\"https:\/\/www.essgroup.se\/wp-content\/uploads\/2015\/11\/falkenberg-strandbad-skrea-strand-4-1.jpg\" target=\"_self\"><img decoding=\"async\" width=\"2400\" height=\"1600\" src=\"https:\/\/www.essgroup.se\/wp-content\/uploads\/2015\/11\/falkenberg-strandbad-skrea-strand-4-1.jpg\" class=\"attachment-full size-full\" alt=\"\" srcset=\"https:\/\/www.essgroup.se\/wp-content\/uploads\/2015\/11\/falkenberg-strandbad-skrea-strand-4-1-200x133.jpg 200w, https:\/\/www.essgroup.se\/wp-content\/uploads\/2015\/11\/falkenberg-strandbad-skrea-strand-4-1-400x267.jpg 400w, https:\/\/www.essgroup.se\/wp-content\/uploads\/2015\/11\/falkenberg-strandbad-skrea-strand-4-1-600x400.jpg 600w, https:\/\/www.essgroup.se\/wp-content\/uploads\/2015\/11\/falkenberg-strandbad-skrea-strand-4-1-800x533.jpg 800w, https:\/\/www.essgroup.se\/wp-content\/uploads\/2015\/11\/falkenberg-strandbad-skrea-strand-4-1-1200x800.jpg 1200w, https:\/\/www.essgroup.se\/wp-content\/uploads\/2015\/11\/falkenberg-strandbad-skrea-strand-4-1.jpg 2400w\" sizes=\"(min-width: 2200px) 100vw, (min-width: 732px) 645px, (min-width: 640px) 732px, \" \/><\/a><\/div><\/div><\/div><div class=\"swiper-slide\"><div class=\"fusion-carousel-item-wrapper\"><div class=\"fusion-image-wrapper hover-type-zoomin\"><a data-rel=\"iLightbox[image_carousel_2]\" data-title=\"falkenberg-strandbad-skrea-strand-6\" aria-label=\"falkenberg-strandbad-skrea-strand-6\" href=\"https:\/\/www.essgroup.se\/wp-content\/uploads\/2015\/11\/falkenberg-strandbad-skrea-strand-6.jpg\" target=\"_self\"><img decoding=\"async\" width=\"2400\" height=\"1600\" src=\"https:\/\/www.essgroup.se\/wp-content\/uploads\/2015\/11\/falkenberg-strandbad-skrea-strand-6.jpg\" class=\"attachment-full size-full\" alt=\"\" srcset=\"https:\/\/www.essgroup.se\/wp-content\/uploads\/2015\/11\/falkenberg-strandbad-skrea-strand-6-200x133.jpg 200w, https:\/\/www.essgroup.se\/wp-content\/uploads\/2015\/11\/falkenberg-strandbad-skrea-strand-6-400x267.jpg 400w, https:\/\/www.essgroup.se\/wp-content\/uploads\/2015\/11\/falkenberg-strandbad-skrea-strand-6-600x400.jpg 600w, https:\/\/www.essgroup.se\/wp-content\/uploads\/2015\/11\/falkenberg-strandbad-skrea-strand-6-800x533.jpg 800w, https:\/\/www.essgroup.se\/wp-content\/uploads\/2015\/11\/falkenberg-strandbad-skrea-strand-6-1200x800.jpg 1200w, https:\/\/www.essgroup.se\/wp-content\/uploads\/2015\/11\/falkenberg-strandbad-skrea-strand-6.jpg 2400w\" sizes=\"(min-width: 2200px) 100vw, (min-width: 732px) 645px, (min-width: 640px) 732px, \" \/><\/a><\/div><\/div><\/div><\/div><div class=\"awb-swiper-button awb-swiper-button-prev\"><i class=\"awb-icon-angle-left\" aria-hidden=\"true\"><\/i><\/div><div class=\"awb-swiper-button awb-swiper-button-next\"><i class=\"awb-icon-angle-right\" aria-hidden=\"true\"><\/i><\/div><\/div><\/div><div class=\"fusion-clearfix\"><\/div><\/div><\/div><\/div><\/div><div id=\"conference\" class=\"fusion-container-anchor\"><div class=\"fusion-fullwidth fullwidth-box fusion-builder-row-4 nonhundred-percent-fullwidth non-hundred-percent-height-scrolling\" style=\"--awb-border-radius-top-left:0px;--awb-border-radius-top-right:0px;--awb-border-radius-bottom-right:0px;--awb-border-radius-bottom-left:0px;--awb-padding-top:80px;--awb-padding-bottom:90px;--awb-border-sizes-top:0px;--awb-border-sizes-bottom:0px;--awb-flex-wrap:wrap;\" ><div class=\"fusion-builder-row fusion-row\"><div class=\"fusion-layout-column fusion_builder_column fusion-builder-column-5 fusion_builder_column_3_5 3_5 fusion-three-fifth fusion-column-first\" style=\"--awb-bg-size:cover;--awb-margin-bottom:20px;width:58.4%; margin-right: 4%;\"><div class=\"fusion-column-wrapper fusion-flex-column-wrapper-legacy\"><div class=\"fusion-text fusion-text-4\"><h3>Konferens och m\u00f6ten p\u00e5 Falkenberg Strandbad<\/h3>\n<p class=\"ingress\">Ta med ditt team p\u00e5 en konferens till Sveriges b\u00e4sta m\u00f6tesplats och kombinera ett fantastiskt strandn\u00e4ra l\u00e4ge med den senaste tekniken, endast en timme fr\u00e5n G\u00f6teborg.\u00a0 <a class=\"fusion-one-page-text-link\" href=\"#conference-pics\">Kolla in bilder h\u00e4r!<\/a><\/p>\n<\/div><div class=\"fusion-text fusion-text-5\"><p>Ett m\u00f6te eller en konferens p\u00e5 Strandbaden handlar om s\u00e5 mycket mer. Det b\u00f6rjar redan i planeringsfasen d\u00e5 v\u00e5r fantastiska personal kommer att g\u00f6ra allt f\u00f6r att se till att ditt m\u00f6te blir \u00f6ver f\u00f6rv\u00e4ntan. Med 11 flexibla m\u00f6tesrum, varav den st\u00f6rsta h\u00e5ller 300 personer, alla med den senaste tekniken och lokaliserade i en kreativ och inspirerande milj\u00f6, s\u00e5 \u00e4r m\u00f6jligheterna o\u00e4ndliga. N\u00e4mnde vi att majoriteten av v\u00e5ra konferensrum ocks\u00e5 har en fantastiskt vacker havsutsikt?<\/p>\n<p>Men konferenser handlar inte bara om jobb, det \u00e4r minst lika viktigt att ha kul och vi kommer g\u00e4rna med id\u00e9er om relevanta aktiviteter f\u00f6r ditt team, oavsett om m\u00e5let \u00e4r att jobba p\u00e5 teamwork, l\u00e4rande, smakl\u00f6karna eller bara hitta p\u00e5 n\u00e5gonting kul utanf\u00f6r kontoret. Avsluta en produktiv dag p\u00e5 The Retreat Club, v\u00e5ran lyxiga spaklubb, framr\u00f6stad till Sveriges b\u00e4sta. Simma n\u00e5gra l\u00e4ngder i poolen, v\u00e4rm dig i champagne bubbelpoolen, sm\u00e4lt dagens intryck i bastun, sippa p\u00e5 en uppfriskande cocktail i spa-baren och slappna av i v\u00e5rt mysiga orangerie. Eller varf\u00f6r inte ta ett uppfriskande dopp i havet?<\/p>\n<\/div><div class=\"fusion-sep-clear\"><\/div><div class=\"fusion-separator fusion-full-width-sep fusion-clearfix\" style=\"float:left;margin-top:20px;margin-bottom:16px;width:100%;\"><\/div><div class=\"fusion-sep-clear\"><\/div><div class=\"fusion-builder-row fusion-builder-row-inner fusion-row\"><div class=\"fusion-layout-column fusion_builder_column_inner fusion-builder-nested-column-2 fusion_builder_column_inner_3_5 3_5 fusion-three-fifth fusion-column-first\" style=\"--awb-bg-size:cover;--awb-margin-bottom:20px;width:60%;width:calc(60% - ( ( 4% ) * 0.6 ) );margin-right: 4%;\"><div class=\"fusion-column-wrapper fusion-flex-column-wrapper-legacy\"><div class=\"fusion-button-wrapper fusion-align-block\"><a class=\"fusion-button button-flat button-medium button-default fusion-button-default button-3 fusion-button-default-span fusion-button-default-type\" target=\"_self\" href=\"#contact-us\"><span class=\"fusion-button-text awb-button__text awb-button__text--default\">BOKA DITT N\u00c4STA &amp; B\u00c4STA M\u00d6TE<\/span><\/a><\/div><div class=\"fusion-clearfix\"><\/div><\/div><\/div><div class=\"fusion-layout-column fusion_builder_column_inner fusion-builder-nested-column-3 fusion_builder_column_inner_2_5 2_5 fusion-two-fifth fusion-column-last\" style=\"--awb-bg-size:cover;width:40%;width:calc(40% - ( ( 4% ) * 0.4 ) );\"><div class=\"fusion-column-wrapper fusion-flex-column-wrapper-legacy\"><div class=\"fusion-button-wrapper fusion-align-block\"><a class=\"fusion-button button-flat button-medium button-custom fusion-button-default button-4 fusion-button-default-span fusion-button-default-type more-site\" style=\"--button_accent_color:#21232c;--button_accent_hover_color:#ffffff;--button_border_hover_color:#ffffff;--button_gradient_top_color:#ffffff;--button_gradient_bottom_color:#ffffff;--button_gradient_top_color_hover:#cdb083;--button_gradient_bottom_color_hover:#cdb083;\" target=\"_blank\" rel=\"noopener noreferrer\" href=\"https:\/\/www.strandbaden.se\/\" id=\"strandbaden.se button\"><span class=\"fusion-button-text awb-button__text awb-button__text--default\">Strandbaden.se<\/span><\/a><\/div><div class=\"fusion-clearfix\"><\/div><\/div><\/div><\/div><div class=\"fusion-clearfix\"><\/div><\/div><\/div><div class=\"fusion-layout-column fusion_builder_column fusion-builder-column-6 fusion_builder_column_2_5 2_5 fusion-two-fifth fusion-column-last\" style=\"--awb-bg-size:cover;width:37.6%;\"><div class=\"fusion-column-wrapper fusion-flex-column-wrapper-legacy\"><ul style=\"--awb-line-height:23.8px;--awb-icon-width:23.8px;--awb-icon-height:23.8px;--awb-icon-margin:9.8px;--awb-content-margin:33.6px;\" class=\"fusion-checklist fusion-checklist-1 fusion-checklist-default fusion-checklist-divider type-icons\"><li class=\"fusion-li-item\" style=\"\"><span class=\"icon-wrapper circle-no\"><i class=\"fusion-li-icon fa-building far\" aria-hidden=\"true\"><\/i><\/span><div class=\"fusion-li-item-content\">\n<p><span style=\"font-weight: 400;\">Strandn\u00e4ra l\u00e4ge med fantastisk havsutsikt <\/span><\/p>\n<\/div><\/li><li class=\"fusion-li-item\" style=\"\"><span class=\"icon-wrapper circle-no\"><i class=\"fusion-li-icon fa-glass-martini-alt fas\" aria-hidden=\"true\"><\/i><\/span><div class=\"fusion-li-item-content\">\n<p><span style=\"font-weight: 400;\">Vacker lobbybar med mysig \u00f6ppen brasa<\/span><\/p>\n<\/div><\/li><li class=\"fusion-li-item\" style=\"\"><span class=\"icon-wrapper circle-no\"><i class=\"fusion-li-icon fa-spa fas\" aria-hidden=\"true\"><\/i><\/span><div class=\"fusion-li-item-content\">\n<p><span style=\"font-weight: 400;\">The Retreat Club &#8211; Sveriges b\u00e4sta spa!<\/span><\/p>\n<\/div><\/li><li class=\"fusion-li-item\" style=\"\"><span class=\"icon-wrapper circle-no\"><i class=\"fusion-li-icon fa-users fas\" aria-hidden=\"true\"><\/i><\/span><div class=\"fusion-li-item-content\">\n<p><span style=\"font-weight: 400;\">Exklusiva och flexibla konferensrum<\/span><\/p>\n<\/div><\/li><li class=\"fusion-li-item\" style=\"\"><span class=\"icon-wrapper circle-no\"><i class=\"fusion-li-icon fa-utensils fas\" aria-hidden=\"true\"><\/i><\/span><div class=\"fusion-li-item-content\">\n<p><span style=\"font-weight: 400;\">2 restauranger som serverar nordisk och fransk mat <\/span><\/p>\n<\/div><\/li><li class=\"fusion-li-item\" style=\"\"><span class=\"icon-wrapper circle-no\"><i class=\"fusion-li-icon fa-car fas\" aria-hidden=\"true\"><\/i><\/span><div class=\"fusion-li-item-content\">\n<p><span style=\"font-weight: 400;\">1 timme fr\u00e5n G\u00f6teborg, 30 minuter fr\u00e5n n\u00e4rmaste flygplats <\/span><\/p>\n<\/div><\/li><\/ul><div class=\"fusion-sep-clear\"><\/div><div class=\"fusion-separator fusion-full-width-sep fusion-clearfix\" style=\"float:left;margin-top:15px;margin-bottom:10px;width:100%;\"><\/div><div class=\"fusion-sep-clear\"><\/div><div class=\"fusion-builder-row fusion-builder-row-inner fusion-row\"><div class=\"fusion-layout-column fusion_builder_column_inner fusion-builder-nested-column-4 fusion_builder_column_inner_1_1 1_1 fusion-one-full fusion-column-first fusion-column-last\" style=\"--awb-padding-top:20px;--awb-padding-right:4%;--awb-padding-bottom:4px;--awb-padding-left:4%;--awb-bg-color:rgba(255,255,255,0.08);--awb-bg-color-hover:rgba(255,255,255,0.08);--awb-bg-size:cover;--awb-margin-bottom:20px;\"><div class=\"fusion-column-wrapper fusion-flex-column-wrapper-legacy\"><div class=\"fusion-image-element fusion-image-align-center in-legacy-container\" style=\"text-align:center;--awb-caption-title-font-family:var(--h2_typography-font-family);--awb-caption-title-font-weight:var(--h2_typography-font-weight);--awb-caption-title-font-style:var(--h2_typography-font-style);--awb-caption-title-size:var(--h2_typography-font-size);--awb-caption-title-transform:var(--h2_typography-text-transform);--awb-caption-title-line-height:var(--h2_typography-line-height);--awb-caption-title-letter-spacing:var(--h2_typography-letter-spacing);\"><div class=\"imageframe-align-center\"><span class=\" fusion-imageframe imageframe-none imageframe-1 hover-type-none five-stars-credit\"><img decoding=\"async\" width=\"495\" height=\"100\" title=\"5-stars-ess\" src=\"https:\/\/www.essgroup.se\/wp-content\/uploads\/2016\/01\/5-stars-ess.svg\" alt class=\"img-responsive wp-image-10095\"\/><\/span><\/div><\/div>\n<div class=\"fusion-text fusion-text-6\"><p style=\"text-align: center;\"><em>&#8221;We&#8217;ve had a number of meetings and major kick-offs at Falkenberg Strandbad and are super pleased. The view, the lovely atmosphere and the personal touch is what makes me want to return\u201d.<\/em><\/p>\n<p style=\"text-align: center;\"><strong><em>Kristian Elvefors, CEO Volvo Cars Sweden<\/em><\/strong><\/p>\n<\/div><div class=\"fusion-clearfix\"><\/div><\/div><\/div><\/div><div class=\"fusion-builder-row fusion-builder-row-inner fusion-row\"><div class=\"fusion-layout-column fusion_builder_column_inner fusion-builder-nested-column-5 fusion_builder_column_inner_1_1 1_1 fusion-one-full fusion-column-first fusion-column-last\" style=\"--awb-padding-top:20px;--awb-padding-right:4%;--awb-padding-bottom:4px;--awb-padding-left:4%;--awb-bg-color:rgba(255,255,255,0.08);--awb-bg-color-hover:rgba(255,255,255,0.08);--awb-bg-size:cover;--awb-margin-bottom:20px;\"><div class=\"fusion-column-wrapper fusion-flex-column-wrapper-legacy\"><div class=\"fusion-image-element fusion-image-align-center in-legacy-container\" style=\"text-align:center;--awb-caption-title-font-family:var(--h2_typography-font-family);--awb-caption-title-font-weight:var(--h2_typography-font-weight);--awb-caption-title-font-style:var(--h2_typography-font-style);--awb-caption-title-size:var(--h2_typography-font-size);--awb-caption-title-transform:var(--h2_typography-text-transform);--awb-caption-title-line-height:var(--h2_typography-line-height);--awb-caption-title-letter-spacing:var(--h2_typography-letter-spacing);\"><div class=\"imageframe-align-center\"><span class=\" fusion-imageframe imageframe-none imageframe-2 hover-type-none five-stars-credit\"><img decoding=\"async\" width=\"495\" height=\"100\" title=\"5-stars-ess\" src=\"https:\/\/www.essgroup.se\/wp-content\/uploads\/2016\/01\/5-stars-ess.svg\" alt class=\"img-responsive wp-image-10095\"\/><\/span><\/div><\/div>\n<div class=\"fusion-text fusion-text-7\"><p style=\"text-align: center;\"><em>\u201dAt Serneke we\u2019ve have had kick-offs and meetings at several of ESS Group&#8217;s hotels such as Falkenberg Strandbad and Steam Hotel. Ess Group has an entrepreneurial foundation and a professional approach that we appreciate and it\u2019s a pleasure working with partners who like to think differently and walk that extra mile. The unique surroundings of the hotel are welcoming and inspire visionary thinking.&#8221;<\/em><\/p>\n<p style=\"text-align: center;\"><strong><em>Ola Serneke, CEO and Founder Serneke<\/em><\/strong><\/p>\n<\/div><div class=\"fusion-clearfix\"><\/div><\/div><\/div><\/div><div class=\"fusion-clearfix\"><\/div><\/div><\/div><\/div><\/div><\/div><div id=\"conference-pics\" class=\"fusion-container-anchor\"><div class=\"fusion-fullwidth fullwidth-box fusion-builder-row-5 hundred-percent-fullwidth non-hundred-percent-height-scrolling fusion-no-small-visibility\" style=\"--awb-background-position:left top;--awb-border-radius-top-left:0px;--awb-border-radius-top-right:0px;--awb-border-radius-bottom-right:0px;--awb-border-radius-bottom-left:0px;--awb-padding-top:0px;--awb-padding-right:-30%;--awb-padding-bottom:0px;--awb-padding-left:-30%;--awb-background-color:#20232c;--awb-border-sizes-top:0px;--awb-border-sizes-bottom:0px;--awb-flex-wrap:wrap;\" ><div class=\"fusion-builder-row fusion-row\"><div class=\"fusion-layout-column fusion_builder_column fusion-builder-column-7 fusion_builder_column_1_1 1_1 fusion-one-full fusion-column-first fusion-column-last\" style=\"--awb-bg-size:cover;\"><div class=\"fusion-column-wrapper fusion-flex-column-wrapper-legacy\"><div class=\"fusion-image-carousel fusion-image-carousel-auto fusion-image-carousel-3 lightbox-enabled\"><div class=\"awb-carousel awb-swiper awb-swiper-carousel awb-carousel--carousel awb-swiper-dots-position-bottom\" data-layout=\"carousel\" data-autoplay=\"yes\" data-autoplayspeed=\"4250\" data-autoplaypause=\"no\" data-loop=\"yes\" data-columns=\"2\" data-columnsmedium=\"1\" data-columnssmall=\"1\" data-itemmargin=\"0\" data-itemwidth=\"180\" data-touchscroll=\"no\" data-freemode=\"no\" data-imagesize=\"auto\" data-scrollitems=\"0\" data-centeredslides=\"no\" data-rotationangle=\"50\" data-depth=\"100\" data-speed=\"500\" data-shadow=\"no\" data-pagination=\"bullets\" style=\"--awb-columns:2;--awb-column-spacing:0px;\"><div class=\"swiper-wrapper awb-image-carousel-wrapper fusion-flex-align-items-center\"><div class=\"swiper-slide\"><div class=\"fusion-carousel-item-wrapper\"><div class=\"fusion-image-wrapper hover-type-zoomin\"><a data-rel=\"iLightbox[image_carousel_3]\" data-title=\"konferens-falkenberg-strandbaden-image-15\" aria-label=\"konferens-falkenberg-strandbaden-image-15\" href=\"https:\/\/www.essgroup.se\/wp-content\/uploads\/2015\/11\/konferens-falkenberg-strandbaden-image-15.jpg\" target=\"_self\"><img decoding=\"async\" width=\"1200\" height=\"709\" src=\"https:\/\/www.essgroup.se\/wp-content\/uploads\/2015\/11\/konferens-falkenberg-strandbaden-image-15.jpg\" class=\"attachment-full size-full\" alt=\"\" srcset=\"https:\/\/www.essgroup.se\/wp-content\/uploads\/2015\/11\/konferens-falkenberg-strandbaden-image-15-200x118.jpg 200w, https:\/\/www.essgroup.se\/wp-content\/uploads\/2015\/11\/konferens-falkenberg-strandbaden-image-15-400x236.jpg 400w, https:\/\/www.essgroup.se\/wp-content\/uploads\/2015\/11\/konferens-falkenberg-strandbaden-image-15-600x355.jpg 600w, https:\/\/www.essgroup.se\/wp-content\/uploads\/2015\/11\/konferens-falkenberg-strandbaden-image-15-800x473.jpg 800w, https:\/\/www.essgroup.se\/wp-content\/uploads\/2015\/11\/konferens-falkenberg-strandbaden-image-15.jpg 1200w\" sizes=\"(min-width: 2200px) 100vw, (min-width: 732px) 645px, (min-width: 640px) 732px, \" \/><\/a><\/div><\/div><\/div><div class=\"swiper-slide\"><div class=\"fusion-carousel-item-wrapper\"><div class=\"fusion-image-wrapper hover-type-zoomin\"><a data-rel=\"iLightbox[image_carousel_3]\" data-title=\"konferens-falkenberg-strandbaden-image-14\" aria-label=\"konferens-falkenberg-strandbaden-image-14\" href=\"https:\/\/www.essgroup.se\/wp-content\/uploads\/2015\/11\/konferens-falkenberg-strandbaden-image-14.jpg\" target=\"_self\"><img decoding=\"async\" width=\"1200\" height=\"709\" src=\"https:\/\/www.essgroup.se\/wp-content\/uploads\/2015\/11\/konferens-falkenberg-strandbaden-image-14.jpg\" class=\"attachment-full size-full\" alt=\"\" srcset=\"https:\/\/www.essgroup.se\/wp-content\/uploads\/2015\/11\/konferens-falkenberg-strandbaden-image-14-200x118.jpg 200w, https:\/\/www.essgroup.se\/wp-content\/uploads\/2015\/11\/konferens-falkenberg-strandbaden-image-14-400x236.jpg 400w, https:\/\/www.essgroup.se\/wp-content\/uploads\/2015\/11\/konferens-falkenberg-strandbaden-image-14-600x355.jpg 600w, https:\/\/www.essgroup.se\/wp-content\/uploads\/2015\/11\/konferens-falkenberg-strandbaden-image-14-800x473.jpg 800w, https:\/\/www.essgroup.se\/wp-content\/uploads\/2015\/11\/konferens-falkenberg-strandbaden-image-14.jpg 1200w\" sizes=\"(min-width: 2200px) 100vw, (min-width: 732px) 645px, (min-width: 640px) 732px, \" \/><\/a><\/div><\/div><\/div><div class=\"swiper-slide\"><div class=\"fusion-carousel-item-wrapper\"><div class=\"fusion-image-wrapper hover-type-zoomin\"><a data-rel=\"iLightbox[image_carousel_3]\" data-title=\"konferens-falkenberg-strandbaden-image-13\" aria-label=\"konferens-falkenberg-strandbaden-image-13\" href=\"https:\/\/www.essgroup.se\/wp-content\/uploads\/2015\/11\/konferens-falkenberg-strandbaden-image-13.jpg\" target=\"_self\"><img decoding=\"async\" width=\"1200\" height=\"709\" src=\"https:\/\/www.essgroup.se\/wp-content\/uploads\/2015\/11\/konferens-falkenberg-strandbaden-image-13.jpg\" class=\"attachment-full size-full\" alt=\"\" srcset=\"https:\/\/www.essgroup.se\/wp-content\/uploads\/2015\/11\/konferens-falkenberg-strandbaden-image-13-200x118.jpg 200w, https:\/\/www.essgroup.se\/wp-content\/uploads\/2015\/11\/konferens-falkenberg-strandbaden-image-13-400x236.jpg 400w, https:\/\/www.essgroup.se\/wp-content\/uploads\/2015\/11\/konferens-falkenberg-strandbaden-image-13-600x355.jpg 600w, https:\/\/www.essgroup.se\/wp-content\/uploads\/2015\/11\/konferens-falkenberg-strandbaden-image-13-800x473.jpg 800w, https:\/\/www.essgroup.se\/wp-content\/uploads\/2015\/11\/konferens-falkenberg-strandbaden-image-13.jpg 1200w\" sizes=\"(min-width: 2200px) 100vw, (min-width: 732px) 645px, (min-width: 640px) 732px, \" \/><\/a><\/div><\/div><\/div><div class=\"swiper-slide\"><div class=\"fusion-carousel-item-wrapper\"><div class=\"fusion-image-wrapper hover-type-zoomin\"><a data-rel=\"iLightbox[image_carousel_3]\" data-title=\"konferens-falkenberg-strandbaden-image-12\" aria-label=\"konferens-falkenberg-strandbaden-image-12\" href=\"https:\/\/www.essgroup.se\/wp-content\/uploads\/2015\/11\/konferens-falkenberg-strandbaden-image-12.jpg\" target=\"_self\"><img decoding=\"async\" width=\"1200\" height=\"709\" src=\"https:\/\/www.essgroup.se\/wp-content\/uploads\/2015\/11\/konferens-falkenberg-strandbaden-image-12.jpg\" class=\"attachment-full size-full\" alt=\"\" srcset=\"https:\/\/www.essgroup.se\/wp-content\/uploads\/2015\/11\/konferens-falkenberg-strandbaden-image-12-200x118.jpg 200w, https:\/\/www.essgroup.se\/wp-content\/uploads\/2015\/11\/konferens-falkenberg-strandbaden-image-12-400x236.jpg 400w, https:\/\/www.essgroup.se\/wp-content\/uploads\/2015\/11\/konferens-falkenberg-strandbaden-image-12-600x355.jpg 600w, https:\/\/www.essgroup.se\/wp-content\/uploads\/2015\/11\/konferens-falkenberg-strandbaden-image-12-800x473.jpg 800w, https:\/\/www.essgroup.se\/wp-content\/uploads\/2015\/11\/konferens-falkenberg-strandbaden-image-12.jpg 1200w\" sizes=\"(min-width: 2200px) 100vw, (min-width: 732px) 645px, (min-width: 640px) 732px, \" \/><\/a><\/div><\/div><\/div><div class=\"swiper-slide\"><div class=\"fusion-carousel-item-wrapper\"><div class=\"fusion-image-wrapper hover-type-zoomin\"><a data-rel=\"iLightbox[image_carousel_3]\" data-title=\"konferens-falkenberg-strandbaden-image-11\" aria-label=\"konferens-falkenberg-strandbaden-image-11\" href=\"https:\/\/www.essgroup.se\/wp-content\/uploads\/2015\/11\/konferens-falkenberg-strandbaden-image-11.jpg\" target=\"_self\"><img decoding=\"async\" width=\"1200\" height=\"709\" src=\"https:\/\/www.essgroup.se\/wp-content\/uploads\/2015\/11\/konferens-falkenberg-strandbaden-image-11.jpg\" class=\"attachment-full size-full\" alt=\"\" srcset=\"https:\/\/www.essgroup.se\/wp-content\/uploads\/2015\/11\/konferens-falkenberg-strandbaden-image-11-200x118.jpg 200w, https:\/\/www.essgroup.se\/wp-content\/uploads\/2015\/11\/konferens-falkenberg-strandbaden-image-11-400x236.jpg 400w, https:\/\/www.essgroup.se\/wp-content\/uploads\/2015\/11\/konferens-falkenberg-strandbaden-image-11-600x355.jpg 600w, https:\/\/www.essgroup.se\/wp-content\/uploads\/2015\/11\/konferens-falkenberg-strandbaden-image-11-800x473.jpg 800w, https:\/\/www.essgroup.se\/wp-content\/uploads\/2015\/11\/konferens-falkenberg-strandbaden-image-11.jpg 1200w\" sizes=\"(min-width: 2200px) 100vw, (min-width: 732px) 645px, (min-width: 640px) 732px, \" \/><\/a><\/div><\/div><\/div><div class=\"swiper-slide\"><div class=\"fusion-carousel-item-wrapper\"><div class=\"fusion-image-wrapper hover-type-zoomin\"><a data-rel=\"iLightbox[image_carousel_3]\" data-title=\"konferens-falkenberg-strandbaden-image-10\" aria-label=\"konferens-falkenberg-strandbaden-image-10\" href=\"https:\/\/www.essgroup.se\/wp-content\/uploads\/2015\/11\/konferens-falkenberg-strandbaden-image-10.jpg\" target=\"_self\"><img decoding=\"async\" width=\"1200\" height=\"709\" src=\"https:\/\/www.essgroup.se\/wp-content\/uploads\/2015\/11\/konferens-falkenberg-strandbaden-image-10.jpg\" class=\"attachment-full size-full\" alt=\"\" srcset=\"https:\/\/www.essgroup.se\/wp-content\/uploads\/2015\/11\/konferens-falkenberg-strandbaden-image-10-200x118.jpg 200w, https:\/\/www.essgroup.se\/wp-content\/uploads\/2015\/11\/konferens-falkenberg-strandbaden-image-10-400x236.jpg 400w, https:\/\/www.essgroup.se\/wp-content\/uploads\/2015\/11\/konferens-falkenberg-strandbaden-image-10-600x355.jpg 600w, https:\/\/www.essgroup.se\/wp-content\/uploads\/2015\/11\/konferens-falkenberg-strandbaden-image-10-800x473.jpg 800w, https:\/\/www.essgroup.se\/wp-content\/uploads\/2015\/11\/konferens-falkenberg-strandbaden-image-10.jpg 1200w\" sizes=\"(min-width: 2200px) 100vw, (min-width: 732px) 645px, (min-width: 640px) 732px, \" \/><\/a><\/div><\/div><\/div><div class=\"swiper-slide\"><div class=\"fusion-carousel-item-wrapper\"><div class=\"fusion-image-wrapper hover-type-zoomin\"><a data-rel=\"iLightbox[image_carousel_3]\" data-title=\"konferens-falkenberg-strandbaden-image-9\" aria-label=\"konferens-falkenberg-strandbaden-image-9\" href=\"https:\/\/www.essgroup.se\/wp-content\/uploads\/2015\/11\/konferens-falkenberg-strandbaden-image-9.jpg\" target=\"_self\"><img decoding=\"async\" width=\"1200\" height=\"709\" src=\"https:\/\/www.essgroup.se\/wp-content\/uploads\/2015\/11\/konferens-falkenberg-strandbaden-image-9.jpg\" class=\"attachment-full size-full\" alt=\"\" srcset=\"https:\/\/www.essgroup.se\/wp-content\/uploads\/2015\/11\/konferens-falkenberg-strandbaden-image-9-200x118.jpg 200w, https:\/\/www.essgroup.se\/wp-content\/uploads\/2015\/11\/konferens-falkenberg-strandbaden-image-9-400x236.jpg 400w, https:\/\/www.essgroup.se\/wp-content\/uploads\/2015\/11\/konferens-falkenberg-strandbaden-image-9-600x355.jpg 600w, https:\/\/www.essgroup.se\/wp-content\/uploads\/2015\/11\/konferens-falkenberg-strandbaden-image-9-800x473.jpg 800w, https:\/\/www.essgroup.se\/wp-content\/uploads\/2015\/11\/konferens-falkenberg-strandbaden-image-9.jpg 1200w\" sizes=\"(min-width: 2200px) 100vw, (min-width: 732px) 645px, (min-width: 640px) 732px, \" \/><\/a><\/div><\/div><\/div><div class=\"swiper-slide\"><div class=\"fusion-carousel-item-wrapper\"><div class=\"fusion-image-wrapper hover-type-zoomin\"><a data-rel=\"iLightbox[image_carousel_3]\" data-title=\"konferens-falkenberg-strandbaden-image-8\" aria-label=\"konferens-falkenberg-strandbaden-image-8\" href=\"https:\/\/www.essgroup.se\/wp-content\/uploads\/2015\/11\/konferens-falkenberg-strandbaden-image-8.jpg\" target=\"_self\"><img decoding=\"async\" width=\"1200\" height=\"709\" src=\"https:\/\/www.essgroup.se\/wp-content\/uploads\/2015\/11\/konferens-falkenberg-strandbaden-image-8.jpg\" class=\"attachment-full size-full\" alt=\"\" srcset=\"https:\/\/www.essgroup.se\/wp-content\/uploads\/2015\/11\/konferens-falkenberg-strandbaden-image-8-200x118.jpg 200w, https:\/\/www.essgroup.se\/wp-content\/uploads\/2015\/11\/konferens-falkenberg-strandbaden-image-8-400x236.jpg 400w, https:\/\/www.essgroup.se\/wp-content\/uploads\/2015\/11\/konferens-falkenberg-strandbaden-image-8-600x355.jpg 600w, https:\/\/www.essgroup.se\/wp-content\/uploads\/2015\/11\/konferens-falkenberg-strandbaden-image-8-800x473.jpg 800w, https:\/\/www.essgroup.se\/wp-content\/uploads\/2015\/11\/konferens-falkenberg-strandbaden-image-8.jpg 1200w\" sizes=\"(min-width: 2200px) 100vw, (min-width: 732px) 645px, (min-width: 640px) 732px, \" \/><\/a><\/div><\/div><\/div><div class=\"swiper-slide\"><div class=\"fusion-carousel-item-wrapper\"><div class=\"fusion-image-wrapper hover-type-zoomin\"><a data-rel=\"iLightbox[image_carousel_3]\" data-title=\"konferens-falkenberg-strandbaden-image-7\" aria-label=\"konferens-falkenberg-strandbaden-image-7\" href=\"https:\/\/www.essgroup.se\/wp-content\/uploads\/2015\/11\/konferens-falkenberg-strandbaden-image-7.jpg\" target=\"_self\"><img decoding=\"async\" width=\"1200\" height=\"709\" src=\"https:\/\/www.essgroup.se\/wp-content\/uploads\/2015\/11\/konferens-falkenberg-strandbaden-image-7.jpg\" class=\"attachment-full size-full\" alt=\"\" srcset=\"https:\/\/www.essgroup.se\/wp-content\/uploads\/2015\/11\/konferens-falkenberg-strandbaden-image-7-200x118.jpg 200w, https:\/\/www.essgroup.se\/wp-content\/uploads\/2015\/11\/konferens-falkenberg-strandbaden-image-7-400x236.jpg 400w, https:\/\/www.essgroup.se\/wp-content\/uploads\/2015\/11\/konferens-falkenberg-strandbaden-image-7-600x355.jpg 600w, https:\/\/www.essgroup.se\/wp-content\/uploads\/2015\/11\/konferens-falkenberg-strandbaden-image-7-800x473.jpg 800w, https:\/\/www.essgroup.se\/wp-content\/uploads\/2015\/11\/konferens-falkenberg-strandbaden-image-7.jpg 1200w\" sizes=\"(min-width: 2200px) 100vw, (min-width: 732px) 645px, (min-width: 640px) 732px, \" \/><\/a><\/div><\/div><\/div><div class=\"swiper-slide\"><div class=\"fusion-carousel-item-wrapper\"><div class=\"fusion-image-wrapper hover-type-zoomin\"><a data-rel=\"iLightbox[image_carousel_3]\" data-title=\"konferens-falkenberg-strandbaden-image-5\" aria-label=\"konferens-falkenberg-strandbaden-image-5\" href=\"https:\/\/www.essgroup.se\/wp-content\/uploads\/2015\/11\/konferens-falkenberg-strandbaden-image-5.jpg\" target=\"_self\"><img decoding=\"async\" width=\"1200\" height=\"709\" src=\"https:\/\/www.essgroup.se\/wp-content\/uploads\/2015\/11\/konferens-falkenberg-strandbaden-image-5.jpg\" class=\"attachment-full size-full\" alt=\"\" srcset=\"https:\/\/www.essgroup.se\/wp-content\/uploads\/2015\/11\/konferens-falkenberg-strandbaden-image-5-200x118.jpg 200w, https:\/\/www.essgroup.se\/wp-content\/uploads\/2015\/11\/konferens-falkenberg-strandbaden-image-5-400x236.jpg 400w, https:\/\/www.essgroup.se\/wp-content\/uploads\/2015\/11\/konferens-falkenberg-strandbaden-image-5-600x355.jpg 600w, https:\/\/www.essgroup.se\/wp-content\/uploads\/2015\/11\/konferens-falkenberg-strandbaden-image-5-800x473.jpg 800w, https:\/\/www.essgroup.se\/wp-content\/uploads\/2015\/11\/konferens-falkenberg-strandbaden-image-5.jpg 1200w\" sizes=\"(min-width: 2200px) 100vw, (min-width: 732px) 645px, (min-width: 640px) 732px, \" \/><\/a><\/div><\/div><\/div><div class=\"swiper-slide\"><div class=\"fusion-carousel-item-wrapper\"><div class=\"fusion-image-wrapper hover-type-zoomin\"><a data-rel=\"iLightbox[image_carousel_3]\" data-title=\"konferens-falkenberg-strandbaden-image-4\" aria-label=\"konferens-falkenberg-strandbaden-image-4\" href=\"https:\/\/www.essgroup.se\/wp-content\/uploads\/2015\/11\/konferens-falkenberg-strandbaden-image-4.jpg\" target=\"_self\"><img decoding=\"async\" width=\"1200\" height=\"709\" src=\"https:\/\/www.essgroup.se\/wp-content\/uploads\/2015\/11\/konferens-falkenberg-strandbaden-image-4.jpg\" class=\"attachment-full size-full\" alt=\"\" srcset=\"https:\/\/www.essgroup.se\/wp-content\/uploads\/2015\/11\/konferens-falkenberg-strandbaden-image-4-200x118.jpg 200w, https:\/\/www.essgroup.se\/wp-content\/uploads\/2015\/11\/konferens-falkenberg-strandbaden-image-4-400x236.jpg 400w, https:\/\/www.essgroup.se\/wp-content\/uploads\/2015\/11\/konferens-falkenberg-strandbaden-image-4-600x355.jpg 600w, https:\/\/www.essgroup.se\/wp-content\/uploads\/2015\/11\/konferens-falkenberg-strandbaden-image-4-800x473.jpg 800w, https:\/\/www.essgroup.se\/wp-content\/uploads\/2015\/11\/konferens-falkenberg-strandbaden-image-4.jpg 1200w\" sizes=\"(min-width: 2200px) 100vw, (min-width: 732px) 645px, (min-width: 640px) 732px, \" \/><\/a><\/div><\/div><\/div><div class=\"swiper-slide\"><div class=\"fusion-carousel-item-wrapper\"><div class=\"fusion-image-wrapper hover-type-zoomin\"><a data-rel=\"iLightbox[image_carousel_3]\" data-title=\"konferens-falkenberg-strandbaden-image-3\" aria-label=\"konferens-falkenberg-strandbaden-image-3\" href=\"https:\/\/www.essgroup.se\/wp-content\/uploads\/2015\/11\/konferens-falkenberg-strandbaden-image-3.jpg\" target=\"_self\"><img decoding=\"async\" width=\"1200\" height=\"709\" src=\"https:\/\/www.essgroup.se\/wp-content\/uploads\/2015\/11\/konferens-falkenberg-strandbaden-image-3.jpg\" class=\"attachment-full size-full\" alt=\"\" srcset=\"https:\/\/www.essgroup.se\/wp-content\/uploads\/2015\/11\/konferens-falkenberg-strandbaden-image-3-200x118.jpg 200w, https:\/\/www.essgroup.se\/wp-content\/uploads\/2015\/11\/konferens-falkenberg-strandbaden-image-3-400x236.jpg 400w, https:\/\/www.essgroup.se\/wp-content\/uploads\/2015\/11\/konferens-falkenberg-strandbaden-image-3-600x355.jpg 600w, https:\/\/www.essgroup.se\/wp-content\/uploads\/2015\/11\/konferens-falkenberg-strandbaden-image-3-800x473.jpg 800w, https:\/\/www.essgroup.se\/wp-content\/uploads\/2015\/11\/konferens-falkenberg-strandbaden-image-3.jpg 1200w\" sizes=\"(min-width: 2200px) 100vw, (min-width: 732px) 645px, (min-width: 640px) 732px, \" \/><\/a><\/div><\/div><\/div><div class=\"swiper-slide\"><div class=\"fusion-carousel-item-wrapper\"><div class=\"fusion-image-wrapper hover-type-zoomin\"><a data-rel=\"iLightbox[image_carousel_3]\" data-title=\"konferens-falkenberg-strandbaden-image-1\" aria-label=\"konferens-falkenberg-strandbaden-image-1\" href=\"https:\/\/www.essgroup.se\/wp-content\/uploads\/2015\/11\/konferens-falkenberg-strandbaden-image-1.jpg\" target=\"_self\"><img decoding=\"async\" width=\"1200\" height=\"709\" src=\"https:\/\/www.essgroup.se\/wp-content\/uploads\/2015\/11\/konferens-falkenberg-strandbaden-image-1.jpg\" class=\"attachment-full size-full\" alt=\"\" srcset=\"https:\/\/www.essgroup.se\/wp-content\/uploads\/2015\/11\/konferens-falkenberg-strandbaden-image-1-200x118.jpg 200w, https:\/\/www.essgroup.se\/wp-content\/uploads\/2015\/11\/konferens-falkenberg-strandbaden-image-1-400x236.jpg 400w, https:\/\/www.essgroup.se\/wp-content\/uploads\/2015\/11\/konferens-falkenberg-strandbaden-image-1-600x355.jpg 600w, https:\/\/www.essgroup.se\/wp-content\/uploads\/2015\/11\/konferens-falkenberg-strandbaden-image-1-800x473.jpg 800w, https:\/\/www.essgroup.se\/wp-content\/uploads\/2015\/11\/konferens-falkenberg-strandbaden-image-1.jpg 1200w\" sizes=\"(min-width: 2200px) 100vw, (min-width: 732px) 645px, (min-width: 640px) 732px, \" \/><\/a><\/div><\/div><\/div><\/div><div class=\"awb-swiper-button awb-swiper-button-prev\"><i class=\"awb-icon-angle-left\" aria-hidden=\"true\"><\/i><\/div><div class=\"awb-swiper-button awb-swiper-button-next\"><i class=\"awb-icon-angle-right\" aria-hidden=\"true\"><\/i><\/div><\/div><\/div><div class=\"fusion-clearfix\"><\/div><\/div><\/div><\/div><\/div><\/div><div class=\"fusion-fullwidth fullwidth-box fusion-builder-row-6 hundred-percent-fullwidth non-hundred-percent-height-scrolling fusion-no-medium-visibility fusion-no-large-visibility\" style=\"--awb-background-position:left top;--awb-border-radius-top-left:0px;--awb-border-radius-top-right:0px;--awb-border-radius-bottom-right:0px;--awb-border-radius-bottom-left:0px;--awb-padding-top:0px;--awb-padding-right:-30%;--awb-padding-bottom:0px;--awb-padding-left:-30%;--awb-background-color:#20232c;--awb-border-sizes-top:0px;--awb-border-sizes-bottom:0px;--awb-flex-wrap:wrap;\" ><div class=\"fusion-builder-row fusion-row\"><div class=\"fusion-layout-column fusion_builder_column fusion-builder-column-8 fusion_builder_column_1_1 1_1 fusion-one-full fusion-column-first fusion-column-last\" style=\"--awb-bg-size:cover;\"><div class=\"fusion-column-wrapper fusion-flex-column-wrapper-legacy\"><div class=\"fusion-image-carousel fusion-image-carousel-auto fusion-image-carousel-4 lightbox-enabled\"><div class=\"awb-carousel awb-swiper awb-swiper-carousel awb-carousel--carousel awb-swiper-dots-position-bottom\" data-layout=\"carousel\" data-autoplay=\"yes\" data-autoplayspeed=\"4250\" data-autoplaypause=\"no\" data-loop=\"yes\" data-columns=\"1\" data-columnsmedium=\"1\" data-columnssmall=\"1\" data-itemmargin=\"0\" data-itemwidth=\"180\" data-touchscroll=\"no\" data-freemode=\"no\" data-imagesize=\"auto\" data-scrollitems=\"0\" data-centeredslides=\"no\" data-rotationangle=\"50\" data-depth=\"100\" data-speed=\"500\" data-shadow=\"no\" data-pagination=\"bullets\" style=\"--awb-columns:1;--awb-column-spacing:0px;\"><div class=\"swiper-wrapper awb-image-carousel-wrapper fusion-flex-align-items-center\"><div class=\"swiper-slide\"><div class=\"fusion-carousel-item-wrapper\"><div class=\"fusion-image-wrapper hover-type-zoomin\"><a data-rel=\"iLightbox[image_carousel_4]\" data-title=\"konferens-falkenberg-strandbaden-image-1\" aria-label=\"konferens-falkenberg-strandbaden-image-1\" href=\"https:\/\/www.essgroup.se\/wp-content\/uploads\/2015\/11\/konferens-falkenberg-strandbaden-image-1.jpg\" target=\"_self\"><img decoding=\"async\" width=\"1200\" height=\"709\" src=\"https:\/\/www.essgroup.se\/wp-content\/uploads\/2015\/11\/konferens-falkenberg-strandbaden-image-1.jpg\" class=\"attachment-full size-full\" alt=\"\" srcset=\"https:\/\/www.essgroup.se\/wp-content\/uploads\/2015\/11\/konferens-falkenberg-strandbaden-image-1-200x118.jpg 200w, https:\/\/www.essgroup.se\/wp-content\/uploads\/2015\/11\/konferens-falkenberg-strandbaden-image-1-300x177.jpg 300w, https:\/\/www.essgroup.se\/wp-content\/uploads\/2015\/11\/konferens-falkenberg-strandbaden-image-1-400x236.jpg 400w, https:\/\/www.essgroup.se\/wp-content\/uploads\/2015\/11\/konferens-falkenberg-strandbaden-image-1-600x355.jpg 600w, https:\/\/www.essgroup.se\/wp-content\/uploads\/2015\/11\/konferens-falkenberg-strandbaden-image-1-768x454.jpg 768w, https:\/\/www.essgroup.se\/wp-content\/uploads\/2015\/11\/konferens-falkenberg-strandbaden-image-1-800x473.jpg 800w, https:\/\/www.essgroup.se\/wp-content\/uploads\/2015\/11\/konferens-falkenberg-strandbaden-image-1-1024x605.jpg 1024w, https:\/\/www.essgroup.se\/wp-content\/uploads\/2015\/11\/konferens-falkenberg-strandbaden-image-1.jpg 1200w\" sizes=\"(max-width: 1200px) 100vw, 1200px\" \/><\/a><\/div><\/div><\/div><div class=\"swiper-slide\"><div class=\"fusion-carousel-item-wrapper\"><div class=\"fusion-image-wrapper hover-type-zoomin\"><a data-rel=\"iLightbox[image_carousel_4]\" data-title=\"konferens-falkenberg-strandbaden-image-3\" aria-label=\"konferens-falkenberg-strandbaden-image-3\" href=\"https:\/\/www.essgroup.se\/wp-content\/uploads\/2015\/11\/konferens-falkenberg-strandbaden-image-3.jpg\" target=\"_self\"><img decoding=\"async\" width=\"1200\" height=\"709\" src=\"https:\/\/www.essgroup.se\/wp-content\/uploads\/2015\/11\/konferens-falkenberg-strandbaden-image-3.jpg\" class=\"attachment-full size-full\" alt=\"\" srcset=\"https:\/\/www.essgroup.se\/wp-content\/uploads\/2015\/11\/konferens-falkenberg-strandbaden-image-3-200x118.jpg 200w, https:\/\/www.essgroup.se\/wp-content\/uploads\/2015\/11\/konferens-falkenberg-strandbaden-image-3-300x177.jpg 300w, https:\/\/www.essgroup.se\/wp-content\/uploads\/2015\/11\/konferens-falkenberg-strandbaden-image-3-400x236.jpg 400w, https:\/\/www.essgroup.se\/wp-content\/uploads\/2015\/11\/konferens-falkenberg-strandbaden-image-3-600x355.jpg 600w, https:\/\/www.essgroup.se\/wp-content\/uploads\/2015\/11\/konferens-falkenberg-strandbaden-image-3-768x454.jpg 768w, https:\/\/www.essgroup.se\/wp-content\/uploads\/2015\/11\/konferens-falkenberg-strandbaden-image-3-800x473.jpg 800w, https:\/\/www.essgroup.se\/wp-content\/uploads\/2015\/11\/konferens-falkenberg-strandbaden-image-3-1024x605.jpg 1024w, https:\/\/www.essgroup.se\/wp-content\/uploads\/2015\/11\/konferens-falkenberg-strandbaden-image-3.jpg 1200w\" sizes=\"(max-width: 1200px) 100vw, 1200px\" \/><\/a><\/div><\/div><\/div><div class=\"swiper-slide\"><div class=\"fusion-carousel-item-wrapper\"><div class=\"fusion-image-wrapper hover-type-zoomin\"><a data-rel=\"iLightbox[image_carousel_4]\" data-title=\"konferens-falkenberg-strandbaden-image-4\" aria-label=\"konferens-falkenberg-strandbaden-image-4\" href=\"https:\/\/www.essgroup.se\/wp-content\/uploads\/2015\/11\/konferens-falkenberg-strandbaden-image-4.jpg\" target=\"_self\"><img decoding=\"async\" width=\"1200\" height=\"709\" src=\"https:\/\/www.essgroup.se\/wp-content\/uploads\/2015\/11\/konferens-falkenberg-strandbaden-image-4.jpg\" class=\"attachment-full size-full\" alt=\"\" srcset=\"https:\/\/www.essgroup.se\/wp-content\/uploads\/2015\/11\/konferens-falkenberg-strandbaden-image-4-200x118.jpg 200w, https:\/\/www.essgroup.se\/wp-content\/uploads\/2015\/11\/konferens-falkenberg-strandbaden-image-4-300x177.jpg 300w, https:\/\/www.essgroup.se\/wp-content\/uploads\/2015\/11\/konferens-falkenberg-strandbaden-image-4-400x236.jpg 400w, https:\/\/www.essgroup.se\/wp-content\/uploads\/2015\/11\/konferens-falkenberg-strandbaden-image-4-600x355.jpg 600w, https:\/\/www.essgroup.se\/wp-content\/uploads\/2015\/11\/konferens-falkenberg-strandbaden-image-4-768x454.jpg 768w, https:\/\/www.essgroup.se\/wp-content\/uploads\/2015\/11\/konferens-falkenberg-strandbaden-image-4-800x473.jpg 800w, https:\/\/www.essgroup.se\/wp-content\/uploads\/2015\/11\/konferens-falkenberg-strandbaden-image-4-1024x605.jpg 1024w, https:\/\/www.essgroup.se\/wp-content\/uploads\/2015\/11\/konferens-falkenberg-strandbaden-image-4.jpg 1200w\" sizes=\"(max-width: 1200px) 100vw, 1200px\" \/><\/a><\/div><\/div><\/div><div class=\"swiper-slide\"><div class=\"fusion-carousel-item-wrapper\"><div class=\"fusion-image-wrapper hover-type-zoomin\"><a data-rel=\"iLightbox[image_carousel_4]\" data-title=\"konferens-falkenberg-strandbaden-image-5\" aria-label=\"konferens-falkenberg-strandbaden-image-5\" href=\"https:\/\/www.essgroup.se\/wp-content\/uploads\/2015\/11\/konferens-falkenberg-strandbaden-image-5.jpg\" target=\"_self\"><img decoding=\"async\" width=\"1200\" height=\"709\" src=\"https:\/\/www.essgroup.se\/wp-content\/uploads\/2015\/11\/konferens-falkenberg-strandbaden-image-5.jpg\" class=\"attachment-full size-full\" alt=\"\" srcset=\"https:\/\/www.essgroup.se\/wp-content\/uploads\/2015\/11\/konferens-falkenberg-strandbaden-image-5-200x118.jpg 200w, https:\/\/www.essgroup.se\/wp-content\/uploads\/2015\/11\/konferens-falkenberg-strandbaden-image-5-300x177.jpg 300w, https:\/\/www.essgroup.se\/wp-content\/uploads\/2015\/11\/konferens-falkenberg-strandbaden-image-5-400x236.jpg 400w, https:\/\/www.essgroup.se\/wp-content\/uploads\/2015\/11\/konferens-falkenberg-strandbaden-image-5-600x355.jpg 600w, https:\/\/www.essgroup.se\/wp-content\/uploads\/2015\/11\/konferens-falkenberg-strandbaden-image-5-768x454.jpg 768w, https:\/\/www.essgroup.se\/wp-content\/uploads\/2015\/11\/konferens-falkenberg-strandbaden-image-5-800x473.jpg 800w, https:\/\/www.essgroup.se\/wp-content\/uploads\/2015\/11\/konferens-falkenberg-strandbaden-image-5-1024x605.jpg 1024w, https:\/\/www.essgroup.se\/wp-content\/uploads\/2015\/11\/konferens-falkenberg-strandbaden-image-5.jpg 1200w\" sizes=\"(max-width: 1200px) 100vw, 1200px\" \/><\/a><\/div><\/div><\/div><div class=\"swiper-slide\"><div class=\"fusion-carousel-item-wrapper\"><div class=\"fusion-image-wrapper hover-type-zoomin\"><a data-rel=\"iLightbox[image_carousel_4]\" data-title=\"konferens-falkenberg-strandbaden-image-7\" aria-label=\"konferens-falkenberg-strandbaden-image-7\" href=\"https:\/\/www.essgroup.se\/wp-content\/uploads\/2015\/11\/konferens-falkenberg-strandbaden-image-7.jpg\" target=\"_self\"><img decoding=\"async\" width=\"1200\" height=\"709\" src=\"https:\/\/www.essgroup.se\/wp-content\/uploads\/2015\/11\/konferens-falkenberg-strandbaden-image-7.jpg\" class=\"attachment-full size-full\" alt=\"\" srcset=\"https:\/\/www.essgroup.se\/wp-content\/uploads\/2015\/11\/konferens-falkenberg-strandbaden-image-7-200x118.jpg 200w, https:\/\/www.essgroup.se\/wp-content\/uploads\/2015\/11\/konferens-falkenberg-strandbaden-image-7-300x177.jpg 300w, https:\/\/www.essgroup.se\/wp-content\/uploads\/2015\/11\/konferens-falkenberg-strandbaden-image-7-400x236.jpg 400w, https:\/\/www.essgroup.se\/wp-content\/uploads\/2015\/11\/konferens-falkenberg-strandbaden-image-7-600x355.jpg 600w, https:\/\/www.essgroup.se\/wp-content\/uploads\/2015\/11\/konferens-falkenberg-strandbaden-image-7-768x454.jpg 768w, https:\/\/www.essgroup.se\/wp-content\/uploads\/2015\/11\/konferens-falkenberg-strandbaden-image-7-800x473.jpg 800w, https:\/\/www.essgroup.se\/wp-content\/uploads\/2015\/11\/konferens-falkenberg-strandbaden-image-7-1024x605.jpg 1024w, https:\/\/www.essgroup.se\/wp-content\/uploads\/2015\/11\/konferens-falkenberg-strandbaden-image-7.jpg 1200w\" sizes=\"(max-width: 1200px) 100vw, 1200px\" \/><\/a><\/div><\/div><\/div><div class=\"swiper-slide\"><div class=\"fusion-carousel-item-wrapper\"><div class=\"fusion-image-wrapper hover-type-zoomin\"><a data-rel=\"iLightbox[image_carousel_4]\" data-title=\"konferens-falkenberg-strandbaden-image-8\" aria-label=\"konferens-falkenberg-strandbaden-image-8\" href=\"https:\/\/www.essgroup.se\/wp-content\/uploads\/2015\/11\/konferens-falkenberg-strandbaden-image-8.jpg\" target=\"_self\"><img decoding=\"async\" width=\"1200\" height=\"709\" src=\"https:\/\/www.essgroup.se\/wp-content\/uploads\/2015\/11\/konferens-falkenberg-strandbaden-image-8.jpg\" class=\"attachment-full size-full\" alt=\"\" srcset=\"https:\/\/www.essgroup.se\/wp-content\/uploads\/2015\/11\/konferens-falkenberg-strandbaden-image-8-200x118.jpg 200w, https:\/\/www.essgroup.se\/wp-content\/uploads\/2015\/11\/konferens-falkenberg-strandbaden-image-8-300x177.jpg 300w, https:\/\/www.essgroup.se\/wp-content\/uploads\/2015\/11\/konferens-falkenberg-strandbaden-image-8-400x236.jpg 400w, https:\/\/www.essgroup.se\/wp-content\/uploads\/2015\/11\/konferens-falkenberg-strandbaden-image-8-600x355.jpg 600w, https:\/\/www.essgroup.se\/wp-content\/uploads\/2015\/11\/konferens-falkenberg-strandbaden-image-8-768x454.jpg 768w, https:\/\/www.essgroup.se\/wp-content\/uploads\/2015\/11\/konferens-falkenberg-strandbaden-image-8-800x473.jpg 800w, https:\/\/www.essgroup.se\/wp-content\/uploads\/2015\/11\/konferens-falkenberg-strandbaden-image-8-1024x605.jpg 1024w, https:\/\/www.essgroup.se\/wp-content\/uploads\/2015\/11\/konferens-falkenberg-strandbaden-image-8.jpg 1200w\" sizes=\"(max-width: 1200px) 100vw, 1200px\" \/><\/a><\/div><\/div><\/div><div class=\"swiper-slide\"><div class=\"fusion-carousel-item-wrapper\"><div class=\"fusion-image-wrapper hover-type-zoomin\"><a data-rel=\"iLightbox[image_carousel_4]\" data-title=\"konferens-falkenberg-strandbaden-image-9\" aria-label=\"konferens-falkenberg-strandbaden-image-9\" href=\"https:\/\/www.essgroup.se\/wp-content\/uploads\/2015\/11\/konferens-falkenberg-strandbaden-image-9.jpg\" target=\"_self\"><img decoding=\"async\" width=\"1200\" height=\"709\" src=\"https:\/\/www.essgroup.se\/wp-content\/uploads\/2015\/11\/konferens-falkenberg-strandbaden-image-9.jpg\" class=\"attachment-full size-full\" alt=\"\" srcset=\"https:\/\/www.essgroup.se\/wp-content\/uploads\/2015\/11\/konferens-falkenberg-strandbaden-image-9-200x118.jpg 200w, https:\/\/www.essgroup.se\/wp-content\/uploads\/2015\/11\/konferens-falkenberg-strandbaden-image-9-300x177.jpg 300w, https:\/\/www.essgroup.se\/wp-content\/uploads\/2015\/11\/konferens-falkenberg-strandbaden-image-9-400x236.jpg 400w, https:\/\/www.essgroup.se\/wp-content\/uploads\/2015\/11\/konferens-falkenberg-strandbaden-image-9-600x355.jpg 600w, https:\/\/www.essgroup.se\/wp-content\/uploads\/2015\/11\/konferens-falkenberg-strandbaden-image-9-768x454.jpg 768w, https:\/\/www.essgroup.se\/wp-content\/uploads\/2015\/11\/konferens-falkenberg-strandbaden-image-9-800x473.jpg 800w, https:\/\/www.essgroup.se\/wp-content\/uploads\/2015\/11\/konferens-falkenberg-strandbaden-image-9-1024x605.jpg 1024w, https:\/\/www.essgroup.se\/wp-content\/uploads\/2015\/11\/konferens-falkenberg-strandbaden-image-9.jpg 1200w\" sizes=\"(max-width: 1200px) 100vw, 1200px\" \/><\/a><\/div><\/div><\/div><div class=\"swiper-slide\"><div class=\"fusion-carousel-item-wrapper\"><div class=\"fusion-image-wrapper hover-type-zoomin\"><a data-rel=\"iLightbox[image_carousel_4]\" data-title=\"konferens-falkenberg-strandbaden-image-10\" aria-label=\"konferens-falkenberg-strandbaden-image-10\" href=\"https:\/\/www.essgroup.se\/wp-content\/uploads\/2015\/11\/konferens-falkenberg-strandbaden-image-10.jpg\" target=\"_self\"><img decoding=\"async\" width=\"1200\" height=\"709\" src=\"https:\/\/www.essgroup.se\/wp-content\/uploads\/2015\/11\/konferens-falkenberg-strandbaden-image-10.jpg\" class=\"attachment-full size-full\" alt=\"\" srcset=\"https:\/\/www.essgroup.se\/wp-content\/uploads\/2015\/11\/konferens-falkenberg-strandbaden-image-10-200x118.jpg 200w, https:\/\/www.essgroup.se\/wp-content\/uploads\/2015\/11\/konferens-falkenberg-strandbaden-image-10-300x177.jpg 300w, https:\/\/www.essgroup.se\/wp-content\/uploads\/2015\/11\/konferens-falkenberg-strandbaden-image-10-400x236.jpg 400w, https:\/\/www.essgroup.se\/wp-content\/uploads\/2015\/11\/konferens-falkenberg-strandbaden-image-10-600x355.jpg 600w, https:\/\/www.essgroup.se\/wp-content\/uploads\/2015\/11\/konferens-falkenberg-strandbaden-image-10-768x454.jpg 768w, https:\/\/www.essgroup.se\/wp-content\/uploads\/2015\/11\/konferens-falkenberg-strandbaden-image-10-800x473.jpg 800w, https:\/\/www.essgroup.se\/wp-content\/uploads\/2015\/11\/konferens-falkenberg-strandbaden-image-10-1024x605.jpg 1024w, https:\/\/www.essgroup.se\/wp-content\/uploads\/2015\/11\/konferens-falkenberg-strandbaden-image-10.jpg 1200w\" sizes=\"(max-width: 1200px) 100vw, 1200px\" \/><\/a><\/div><\/div><\/div><div class=\"swiper-slide\"><div class=\"fusion-carousel-item-wrapper\"><div class=\"fusion-image-wrapper hover-type-zoomin\"><a data-rel=\"iLightbox[image_carousel_4]\" data-title=\"konferens-falkenberg-strandbaden-image-11\" aria-label=\"konferens-falkenberg-strandbaden-image-11\" href=\"https:\/\/www.essgroup.se\/wp-content\/uploads\/2015\/11\/konferens-falkenberg-strandbaden-image-11.jpg\" target=\"_self\"><img decoding=\"async\" width=\"1200\" height=\"709\" src=\"https:\/\/www.essgroup.se\/wp-content\/uploads\/2015\/11\/konferens-falkenberg-strandbaden-image-11.jpg\" class=\"attachment-full size-full\" alt=\"\" srcset=\"https:\/\/www.essgroup.se\/wp-content\/uploads\/2015\/11\/konferens-falkenberg-strandbaden-image-11-200x118.jpg 200w, https:\/\/www.essgroup.se\/wp-content\/uploads\/2015\/11\/konferens-falkenberg-strandbaden-image-11-300x177.jpg 300w, https:\/\/www.essgroup.se\/wp-content\/uploads\/2015\/11\/konferens-falkenberg-strandbaden-image-11-400x236.jpg 400w, https:\/\/www.essgroup.se\/wp-content\/uploads\/2015\/11\/konferens-falkenberg-strandbaden-image-11-600x355.jpg 600w, https:\/\/www.essgroup.se\/wp-content\/uploads\/2015\/11\/konferens-falkenberg-strandbaden-image-11-768x454.jpg 768w, https:\/\/www.essgroup.se\/wp-content\/uploads\/2015\/11\/konferens-falkenberg-strandbaden-image-11-800x473.jpg 800w, https:\/\/www.essgroup.se\/wp-content\/uploads\/2015\/11\/konferens-falkenberg-strandbaden-image-11-1024x605.jpg 1024w, https:\/\/www.essgroup.se\/wp-content\/uploads\/2015\/11\/konferens-falkenberg-strandbaden-image-11.jpg 1200w\" sizes=\"(max-width: 1200px) 100vw, 1200px\" \/><\/a><\/div><\/div><\/div><div class=\"swiper-slide\"><div class=\"fusion-carousel-item-wrapper\"><div class=\"fusion-image-wrapper hover-type-zoomin\"><a data-rel=\"iLightbox[image_carousel_4]\" data-title=\"konferens-falkenberg-strandbaden-image-12\" aria-label=\"konferens-falkenberg-strandbaden-image-12\" href=\"https:\/\/www.essgroup.se\/wp-content\/uploads\/2015\/11\/konferens-falkenberg-strandbaden-image-12.jpg\" target=\"_self\"><img decoding=\"async\" width=\"1200\" height=\"709\" src=\"https:\/\/www.essgroup.se\/wp-content\/uploads\/2015\/11\/konferens-falkenberg-strandbaden-image-12.jpg\" class=\"attachment-full size-full\" alt=\"\" srcset=\"https:\/\/www.essgroup.se\/wp-content\/uploads\/2015\/11\/konferens-falkenberg-strandbaden-image-12-200x118.jpg 200w, https:\/\/www.essgroup.se\/wp-content\/uploads\/2015\/11\/konferens-falkenberg-strandbaden-image-12-300x177.jpg 300w, https:\/\/www.essgroup.se\/wp-content\/uploads\/2015\/11\/konferens-falkenberg-strandbaden-image-12-400x236.jpg 400w, https:\/\/www.essgroup.se\/wp-content\/uploads\/2015\/11\/konferens-falkenberg-strandbaden-image-12-600x355.jpg 600w, https:\/\/www.essgroup.se\/wp-content\/uploads\/2015\/11\/konferens-falkenberg-strandbaden-image-12-768x454.jpg 768w, https:\/\/www.essgroup.se\/wp-content\/uploads\/2015\/11\/konferens-falkenberg-strandbaden-image-12-800x473.jpg 800w, https:\/\/www.essgroup.se\/wp-content\/uploads\/2015\/11\/konferens-falkenberg-strandbaden-image-12-1024x605.jpg 1024w, https:\/\/www.essgroup.se\/wp-content\/uploads\/2015\/11\/konferens-falkenberg-strandbaden-image-12.jpg 1200w\" sizes=\"(max-width: 1200px) 100vw, 1200px\" \/><\/a><\/div><\/div><\/div><div class=\"swiper-slide\"><div class=\"fusion-carousel-item-wrapper\"><div class=\"fusion-image-wrapper hover-type-zoomin\"><a data-rel=\"iLightbox[image_carousel_4]\" data-title=\"konferens-falkenberg-strandbaden-image-13\" aria-label=\"konferens-falkenberg-strandbaden-image-13\" href=\"https:\/\/www.essgroup.se\/wp-content\/uploads\/2015\/11\/konferens-falkenberg-strandbaden-image-13.jpg\" target=\"_self\"><img decoding=\"async\" width=\"1200\" height=\"709\" src=\"https:\/\/www.essgroup.se\/wp-content\/uploads\/2015\/11\/konferens-falkenberg-strandbaden-image-13.jpg\" class=\"attachment-full size-full\" alt=\"\" srcset=\"https:\/\/www.essgroup.se\/wp-content\/uploads\/2015\/11\/konferens-falkenberg-strandbaden-image-13-200x118.jpg 200w, https:\/\/www.essgroup.se\/wp-content\/uploads\/2015\/11\/konferens-falkenberg-strandbaden-image-13-300x177.jpg 300w, https:\/\/www.essgroup.se\/wp-content\/uploads\/2015\/11\/konferens-falkenberg-strandbaden-image-13-400x236.jpg 400w, https:\/\/www.essgroup.se\/wp-content\/uploads\/2015\/11\/konferens-falkenberg-strandbaden-image-13-600x355.jpg 600w, https:\/\/www.essgroup.se\/wp-content\/uploads\/2015\/11\/konferens-falkenberg-strandbaden-image-13-768x454.jpg 768w, https:\/\/www.essgroup.se\/wp-content\/uploads\/2015\/11\/konferens-falkenberg-strandbaden-image-13-800x473.jpg 800w, https:\/\/www.essgroup.se\/wp-content\/uploads\/2015\/11\/konferens-falkenberg-strandbaden-image-13-1024x605.jpg 1024w, https:\/\/www.essgroup.se\/wp-content\/uploads\/2015\/11\/konferens-falkenberg-strandbaden-image-13.jpg 1200w\" sizes=\"(max-width: 1200px) 100vw, 1200px\" \/><\/a><\/div><\/div><\/div><div class=\"swiper-slide\"><div class=\"fusion-carousel-item-wrapper\"><div class=\"fusion-image-wrapper hover-type-zoomin\"><a data-rel=\"iLightbox[image_carousel_4]\" data-title=\"konferens-falkenberg-strandbaden-image-14\" aria-label=\"konferens-falkenberg-strandbaden-image-14\" href=\"https:\/\/www.essgroup.se\/wp-content\/uploads\/2015\/11\/konferens-falkenberg-strandbaden-image-14.jpg\" target=\"_self\"><img decoding=\"async\" width=\"1200\" height=\"709\" src=\"https:\/\/www.essgroup.se\/wp-content\/uploads\/2015\/11\/konferens-falkenberg-strandbaden-image-14.jpg\" class=\"attachment-full size-full\" alt=\"\" srcset=\"https:\/\/www.essgroup.se\/wp-content\/uploads\/2015\/11\/konferens-falkenberg-strandbaden-image-14-200x118.jpg 200w, https:\/\/www.essgroup.se\/wp-content\/uploads\/2015\/11\/konferens-falkenberg-strandbaden-image-14-300x177.jpg 300w, https:\/\/www.essgroup.se\/wp-content\/uploads\/2015\/11\/konferens-falkenberg-strandbaden-image-14-400x236.jpg 400w, https:\/\/www.essgroup.se\/wp-content\/uploads\/2015\/11\/konferens-falkenberg-strandbaden-image-14-600x355.jpg 600w, https:\/\/www.essgroup.se\/wp-content\/uploads\/2015\/11\/konferens-falkenberg-strandbaden-image-14-768x454.jpg 768w, https:\/\/www.essgroup.se\/wp-content\/uploads\/2015\/11\/konferens-falkenberg-strandbaden-image-14-800x473.jpg 800w, https:\/\/www.essgroup.se\/wp-content\/uploads\/2015\/11\/konferens-falkenberg-strandbaden-image-14-1024x605.jpg 1024w, https:\/\/www.essgroup.se\/wp-content\/uploads\/2015\/11\/konferens-falkenberg-strandbaden-image-14.jpg 1200w\" sizes=\"(max-width: 1200px) 100vw, 1200px\" \/><\/a><\/div><\/div><\/div><div class=\"swiper-slide\"><div class=\"fusion-carousel-item-wrapper\"><div class=\"fusion-image-wrapper hover-type-zoomin\"><a data-rel=\"iLightbox[image_carousel_4]\" data-title=\"konferens-falkenberg-strandbaden-image-15\" aria-label=\"konferens-falkenberg-strandbaden-image-15\" href=\"https:\/\/www.essgroup.se\/wp-content\/uploads\/2015\/11\/konferens-falkenberg-strandbaden-image-15.jpg\" target=\"_self\"><img decoding=\"async\" width=\"1200\" height=\"709\" src=\"https:\/\/www.essgroup.se\/wp-content\/uploads\/2015\/11\/konferens-falkenberg-strandbaden-image-15.jpg\" class=\"attachment-full size-full\" alt=\"\" srcset=\"https:\/\/www.essgroup.se\/wp-content\/uploads\/2015\/11\/konferens-falkenberg-strandbaden-image-15-200x118.jpg 200w, https:\/\/www.essgroup.se\/wp-content\/uploads\/2015\/11\/konferens-falkenberg-strandbaden-image-15-300x177.jpg 300w, https:\/\/www.essgroup.se\/wp-content\/uploads\/2015\/11\/konferens-falkenberg-strandbaden-image-15-400x236.jpg 400w, https:\/\/www.essgroup.se\/wp-content\/uploads\/2015\/11\/konferens-falkenberg-strandbaden-image-15-600x355.jpg 600w, https:\/\/www.essgroup.se\/wp-content\/uploads\/2015\/11\/konferens-falkenberg-strandbaden-image-15-768x454.jpg 768w, https:\/\/www.essgroup.se\/wp-content\/uploads\/2015\/11\/konferens-falkenberg-strandbaden-image-15-800x473.jpg 800w, https:\/\/www.essgroup.se\/wp-content\/uploads\/2015\/11\/konferens-falkenberg-strandbaden-image-15-1024x605.jpg 1024w, https:\/\/www.essgroup.se\/wp-content\/uploads\/2015\/11\/konferens-falkenberg-strandbaden-image-15.jpg 1200w\" sizes=\"(max-width: 1200px) 100vw, 1200px\" \/><\/a><\/div><\/div><\/div><\/div><div class=\"awb-swiper-button awb-swiper-button-prev\"><i class=\"awb-icon-angle-left\" aria-hidden=\"true\"><\/i><\/div><div class=\"awb-swiper-button awb-swiper-button-next\"><i class=\"awb-icon-angle-right\" aria-hidden=\"true\"><\/i><\/div><\/div><\/div><div class=\"fusion-clearfix\"><\/div><\/div><\/div><\/div><\/div><div id=\"conference\" class=\"fusion-container-anchor\"><div class=\"fusion-fullwidth fullwidth-box fusion-builder-row-7 nonhundred-percent-fullwidth non-hundred-percent-height-scrolling\" style=\"--awb-border-radius-top-left:0px;--awb-border-radius-top-right:0px;--awb-border-radius-bottom-right:0px;--awb-border-radius-bottom-left:0px;--awb-padding-top:100px;--awb-padding-bottom:0px;--awb-border-sizes-top:0px;--awb-border-sizes-bottom:0px;--awb-flex-wrap:wrap;\" ><div class=\"fusion-builder-row fusion-row\"><div class=\"fusion-layout-column fusion_builder_column fusion-builder-column-9 fusion_builder_column_1_5 1_5 fusion-one-fifth fusion-column-first fusion-no-small-visibility\" style=\"--awb-bg-size:cover;width:16.8%; margin-right: 4%;\"><div class=\"fusion-column-wrapper fusion-flex-column-wrapper-legacy\"><div class=\"fusion-clearfix\"><\/div><\/div><\/div><div class=\"fusion-layout-column fusion_builder_column fusion-builder-column-10 fusion_builder_column_3_5 3_5 fusion-three-fifth\" style=\"--awb-bg-size:cover;width:58.4%; margin-right: 4%;\"><div class=\"fusion-column-wrapper fusion-flex-column-wrapper-legacy\"><div class=\"fusion-builder-row fusion-builder-row-inner fusion-row\"><div class=\"fusion-layout-column fusion_builder_column_inner fusion-builder-nested-column-6 fusion_builder_column_inner_3_5 3_5 fusion-three-fifth fusion-column-first\" style=\"--awb-bg-size:cover;--awb-margin-bottom:20px;width:60%;width:calc(60% - ( ( 4% ) * 0.6 ) );margin-right: 4%;\"><div class=\"fusion-column-wrapper fusion-flex-column-wrapper-legacy\"><div class=\"fusion-button-wrapper fusion-align-block\"><a class=\"fusion-button button-flat button-medium button-default fusion-button-default button-5 fusion-button-default-span fusion-button-default-type\" target=\"_self\" href=\"#contact-us\"><span class=\"fusion-button-text awb-button__text awb-button__text--default\">BOKA DITT N\u00c4STA &amp; B\u00c4STA M\u00d6TE<\/span><\/a><\/div><div class=\"fusion-clearfix\"><\/div><\/div><\/div><div class=\"fusion-layout-column fusion_builder_column_inner fusion-builder-nested-column-7 fusion_builder_column_inner_2_5 2_5 fusion-two-fifth fusion-column-last\" style=\"--awb-bg-size:cover;width:40%;width:calc(40% - ( ( 4% ) * 0.4 ) );\"><div class=\"fusion-column-wrapper fusion-flex-column-wrapper-legacy\"><div class=\"fusion-button-wrapper fusion-align-block\"><a class=\"fusion-button button-flat button-medium button-custom fusion-button-default button-6 fusion-button-default-span fusion-button-default-type more-site\" style=\"--button_accent_color:#21232c;--button_accent_hover_color:#ffffff;--button_border_hover_color:#ffffff;--button_gradient_top_color:#ffffff;--button_gradient_bottom_color:#ffffff;--button_gradient_top_color_hover:#cdb083;--button_gradient_bottom_color_hover:#cdb083;\" target=\"_blank\" rel=\"noopener noreferrer\" href=\"https:\/\/www.strandbaden.se\/\" id=\"strandbaden.se button\"><span class=\"fusion-button-text awb-button__text awb-button__text--default\">Strandbaden.se<\/span><\/a><\/div><div class=\"fusion-clearfix\"><\/div><\/div><\/div><\/div><div class=\"fusion-clearfix\"><\/div><\/div><\/div><div class=\"fusion-layout-column fusion_builder_column fusion-builder-column-11 fusion_builder_column_1_5 1_5 fusion-one-fifth fusion-column-last fusion-no-small-visibility\" style=\"--awb-bg-size:cover;width:16.8%;\"><div class=\"fusion-column-wrapper fusion-flex-column-wrapper-legacy\"><div class=\"fusion-clearfix\"><\/div><\/div><\/div><\/div><\/div><\/div><div class=\"fusion-fullwidth fullwidth-box fusion-builder-row-8 nonhundred-percent-fullwidth non-hundred-percent-height-scrolling\" style=\"--awb-border-radius-top-left:0px;--awb-border-radius-top-right:0px;--awb-border-radius-bottom-right:0px;--awb-border-radius-bottom-left:0px;--awb-border-sizes-top:0px;--awb-border-sizes-bottom:0px;--awb-flex-wrap:wrap;\" ><div class=\"fusion-builder-row fusion-row\"><div class=\"fusion-layout-column fusion_builder_column fusion-builder-column-12 fusion_builder_column_1_1 1_1 fusion-one-full fusion-column-first fusion-column-last\" style=\"--awb-bg-blend:overlay;--awb-bg-size:cover;\"><div class=\"fusion-column-wrapper fusion-flex-column-wrapper-legacy\"><div class=\"fusion-sep-clear\"><\/div><div class=\"fusion-separator fusion-full-width-sep\" style=\"margin-left: auto;margin-right: auto;margin-top:50px;width:100%;\"><\/div><div class=\"fusion-sep-clear\"><\/div><div class=\"fusion-section-separator section-separator slant fusion-section-separator-1\" style=\"--awb-spacer-height:99px;--awb-svg-margin-left:0;--awb-svg-margin-right:0;--awb-divider-height:99px;--awb-spacer-padding-top:inherit;--awb-sep-padding:0;--awb-svg-padding:0;--awb-svg-tag-margin-bottom:-3px;--awb-sep-svg-display:block;\"><div class=\"fusion-section-separator-svg\"><svg class=\"fusion-slant-candy\" xmlns=\"http:\/\/www.w3.org\/2000\/svg\" version=\"1.1\" width=\"100%\" height=\"100\" viewBox=\"0 0 100 100\" preserveAspectRatio=\"none\" fill=\"rgba(235,236,237,1)\"><path d=\"M100 0 L0 100 L101 100 Z\"><\/path><\/svg><\/div><div class=\"fusion-section-separator-spacer\"><div class=\"fusion-section-separator-spacer-height\"><\/div><\/div><\/div><div class=\"fusion-clearfix\"><\/div><\/div><\/div>\n<\/div><\/div><div class=\"fusion-fullwidth fullwidth-box fusion-builder-row-9 nonhundred-percent-fullwidth non-hundred-percent-height-scrolling\" style=\"--awb-border-radius-top-left:0px;--awb-border-radius-top-right:0px;--awb-border-radius-bottom-right:0px;--awb-border-radius-bottom-left:0px;--awb-padding-top:80px;--awb-padding-bottom:80px;--awb-background-color:#ebeced;--awb-flex-wrap:wrap;\" ><div class=\"fusion-builder-row fusion-row\"><div class=\"fusion-layout-column fusion_builder_column fusion-builder-column-13 fusion_builder_column_1_6 1_6 fusion-one-sixth fusion-column-first fusion-no-small-visibility\" style=\"--awb-bg-blend:overlay;--awb-bg-size:cover;width:13.3333%; margin-right: 4%;\"><div class=\"fusion-column-wrapper fusion-flex-column-wrapper-legacy\"><div class=\"fusion-clearfix\"><\/div><\/div><\/div><div class=\"fusion-layout-column fusion_builder_column fusion-builder-column-14 fusion_builder_column_2_3 2_3 fusion-two-third\" style=\"--awb-bg-blend:overlay;--awb-bg-size:cover;width:65.3333%; margin-right: 4%;\"><div class=\"fusion-column-wrapper fusion-flex-column-wrapper-legacy\"><div class=\"fusion-text fusion-text-8\"><h2 style=\"text-align: center; color: #1d2028;\">Let\u2019s\u00a0Work Together<\/h2>\n<\/div><div class=\"fusion-text fusion-text-9\"><h6 style=\"text-align: center;\">BLI EN DEL AV V\u00c5R FAMILJ<\/h6>\n<\/div><div class=\"fusion-sep-clear\"><\/div><div class=\"fusion-separator\" style=\"margin-left: auto;margin-right: auto;margin-top:0px;margin-bottom:50px;width:100%;max-width:130px;\"><div class=\"fusion-separator-border sep-single sep-solid\" style=\"--awb-height:20px;--awb-amount:20px;--awb-sep-color:#b9bfcc;border-color:#b9bfcc;border-top-width:1px;\"><\/div><\/div><div class=\"fusion-sep-clear\"><\/div><div class=\"fusion-text fusion-text-10\"><p class=\"ingress-2\" style=\"text-align: center;\">Brinner du f\u00f6r att skapa stunder av lycka p\u00e5 jobbet? Vill du vara del av en stor familj d\u00e4r innovation, upplevelser och att f\u00e5 v\u00e5ra g\u00e4ster att vilja komma tillbaka \u00e4r h\u00f6gsta prioritet? K\u00e4nner du f\u00f6r att vara med p\u00e5 en resa d\u00e4r m\u00e5let alltid \u00e4r att \u00f6vertr\u00e4ffa f\u00f6rv\u00e4ntningar och skapa individuella <em>g\u00e4stupplevelser i v\u00e4rldsklass?<\/em> Ser du dig sj\u00e4lv som en passionerad, professionell och lekfull person? <strong>Svarat ja p\u00e5 allt?<\/strong> Perfekt!<\/p>\n<\/div><div class=\"fusion-sep-clear\"><\/div><div class=\"fusion-separator fusion-full-width-sep\" style=\"margin-left: auto;margin-right: auto;margin-top:20px;width:100%;\"><\/div><div class=\"fusion-sep-clear\"><\/div><div class=\"fusion-button-wrapper fusion-aligncenter\"><a class=\"fusion-button button-flat button-xlarge button-default fusion-button-default button-7 fusion-button-span-no fusion-button-default-type\" target=\"_blank\" rel=\"noopener noreferrer\" href=\"https:\/\/work.essgroup.se\/\"><span class=\"fusion-button-text awb-button__text awb-button__text--default\">LEDIGA TJ\u00c4NSTER<\/span><\/a><\/div><div class=\"fusion-clearfix\"><\/div><\/div><\/div><div class=\"fusion-layout-column fusion_builder_column fusion-builder-column-15 fusion_builder_column_1_6 1_6 fusion-one-sixth fusion-column-last fusion-no-small-visibility\" style=\"--awb-bg-blend:overlay;--awb-bg-size:cover;width:13.3333%;\"><div class=\"fusion-column-wrapper fusion-flex-column-wrapper-legacy\"><div class=\"fusion-clearfix\"><\/div><\/div><\/div><\/div><\/div>\n<div id=\"booking\" class=\"fusion-container-anchor\"><div class=\"fusion-fullwidth fullwidth-box fusion-builder-row-10 nonhundred-percent-fullwidth non-hundred-percent-height-scrolling\" style=\"--awb-border-radius-top-left:0px;--awb-border-radius-top-right:0px;--awb-border-radius-bottom-right:0px;--awb-border-radius-bottom-left:0px;--awb-padding-right:25px;--awb-padding-left:25px;--awb-background-color:#191d24;--awb-flex-wrap:wrap;\" ><div class=\"fusion-builder-row fusion-row\"><div class=\"fusion-layout-column fusion_builder_column fusion-builder-column-16 fusion_builder_column_1_1 1_1 fusion-one-full fusion-column-first fusion-column-last\" style=\"--awb-padding-top:22px;--awb-padding-bottom:46px;--awb-bg-blend:overlay;--awb-bg-size:cover;\"><div class=\"fusion-column-wrapper fusion-flex-column-wrapper-legacy\"><div class=\"fusion-title title fusion-title-1 fusion-title-text fusion-title-size-five\" style=\"--awb-margin-top:18px;--awb-margin-bottom:18px;--awb-margin-top-small:0px;--awb-margin-right-small:0px;--awb-margin-bottom-small:20px;--awb-margin-left-small:0px;--awb-sep-color:rgba(137,144,153,0.24);\"><h5 class=\"fusion-title-heading title-heading-left fusion-responsive-typography-calculated\" style=\"margin:0;--fontSize:15;--minFontSize:15;line-height:1.88;\">Book your stay here<\/h5><span class=\"awb-title-spacer\"><\/span><div class=\"title-sep-container\"><div class=\"title-sep sep-single sep-solid\" style=\"border-color:rgba(137,144,153,0.24);\"><\/div><\/div><\/div><div id=\"widgetContainer\"><\/div>\n<script charset=\"UTF-8\" type=\"text\/javascript\">var bookVisitFlexWidgetScriptLoaded = false;function bookVisitInitJQuery() {if (typeof (bvJQuery) == \"undefined\") {if (!bookVisitFlexWidgetScriptLoaded) {bookVisitFlexWidgetScriptLoaded = true;document.write(\"<scr\" + \"ipt charset=\\\"UTF-8\\\" type=\\\"text\/javascript\\\" src=\\\"\/\/online.bookvisit.com\/Content\/flexwidget\/FlexWidgetScripts.js\\\"><\/scr\" + \"ipt>\");}setTimeout(\"bookVisitInitJQuery()\", 50);}else {var baseUrl = \"https:\/\/online.bookvisit.com\/multipropertywidget\/getwidget\";(function ($) {$.getJSON(baseUrl + \"?multiPropertyId=d9acd07a-a5f6-4ac1-9220-92bf5f7ebeab&newWindow=true&culture=en-GB&containerId=widgetContainer&layout=StandardWide&accommodationOnly=true\",function (json) {$(\"#widgetContainer\").html(json.Widget);});})(bvJQuery);}}bookVisitInitJQuery();<\/script><div class=\"fusion-clearfix\"><\/div><\/div><\/div><\/div><\/div><\/div>\n<div class=\"fusion-fullwidth fullwidth-box fusion-builder-row-11 fusion-flex-container fusion-parallax-none nonhundred-percent-fullwidth non-hundred-percent-height-scrolling\" style=\"--awb-border-radius-top-left:0px;--awb-border-radius-top-right:0px;--awb-border-radius-bottom-right:0px;--awb-border-radius-bottom-left:0px;--awb-padding-top:80px;--awb-padding-bottom:80px;--awb-background-image:url(&quot;https:\/\/www.essgroup.se\/wp-content\/uploads\/2018\/12\/friends-of-ess-background.jpg&quot;);--awb-background-size:cover;--awb-flex-wrap:wrap;\" ><div class=\"fusion-builder-row fusion-row fusion-flex-align-items-flex-start fusion-flex-justify-content-center fusion-flex-content-wrap\" style=\"max-width:calc( 1290px + 0px );margin-left: calc(-0px \/ 2 );margin-right: calc(-0px \/ 2 );\"><div class=\"fusion-layout-column fusion_builder_column fusion-builder-column-17 fusion_builder_column_1_1 1_1 fusion-flex-column\" style=\"--awb-padding-top:50px;--awb-padding-right:6%;--awb-padding-bottom:50px;--awb-padding-left:6%;--awb-bg-blend:overlay;--awb-bg-size:cover;--awb-border-color:#ffffff;--awb-border-top:4px;--awb-border-right:4px;--awb-border-bottom:4px;--awb-border-left:4px;--awb-border-style:solid;--awb-width-large:100%;--awb-margin-top-large:0px;--awb-spacing-right-large:0px;--awb-margin-bottom-large:0px;--awb-spacing-left-large:0px;--awb-width-medium:100%;--awb-spacing-right-medium:0px;--awb-spacing-left-medium:0px;--awb-width-small:100%;--awb-spacing-right-small:0px;--awb-spacing-left-small:0px;\"><div class=\"fusion-column-wrapper fusion-flex-justify-content-flex-start fusion-content-layout-column\"><div class=\"fusion-text fusion-text-11\"><h2 style=\"text-align: center;\">Be a member<br \/>\nof great service<\/h2>\n<\/div><div class=\"fusion-separator\" style=\"align-self: center;margin-left: auto;margin-right: auto;margin-top:21px;margin-bottom:39px;width:100%;max-width:130px;\"><div class=\"fusion-separator-border sep-single sep-solid\" style=\"--awb-height:20px;--awb-amount:20px;--awb-sep-color:#cdb083;border-color:#cdb083;border-top-width:2px;\"><\/div><\/div><div class=\"fusion-text fusion-text-12\"><h4 style=\"text-align: center;\">Du ger oss stil och k\u00e4rlek, vi ger dig exklusivitet.<\/h4>\n<\/div><div class=\"fusion-separator fusion-full-width-sep\" style=\"align-self: center;margin-left: auto;margin-right: auto;margin-top:10px;margin-bottom:20px;width:100%;\"><\/div><div class=\"fusion-builder-row fusion-builder-row-inner fusion-row fusion-flex-align-items-flex-start fusion-flex-justify-content-center fusion-flex-content-wrap\" style=\"--awb-flex-grow:0;--awb-flex-grow-medium:0;--awb-flex-grow-small:0;--awb-flex-shrink:0;--awb-flex-shrink-medium:0;--awb-flex-shrink-small:0;width:calc( 100% + 0px ) !important;max-width:calc( 100% + 0px ) !important;margin-left: calc(-0px \/ 2 );margin-right: calc(-0px \/ 2 );\"><div class=\"fusion-layout-column fusion_builder_column_inner fusion-builder-nested-column-8 fusion_builder_column_inner_1_4 1_4 fusion-flex-column fusion-no-small-visibility\" style=\"--awb-bg-blend:overlay;--awb-bg-size:cover;--awb-width-large:25%;--awb-margin-top-large:0px;--awb-spacing-right-large:0px;--awb-margin-bottom-large:0px;--awb-spacing-left-large:0px;--awb-width-medium:100%;--awb-spacing-right-medium:0px;--awb-spacing-left-medium:0px;--awb-width-small:100%;--awb-spacing-right-small:0px;--awb-spacing-left-small:0px;\"><div class=\"fusion-column-wrapper fusion-flex-justify-content-flex-start fusion-content-layout-column\"><\/div><\/div><div class=\"fusion-layout-column fusion_builder_column_inner fusion-builder-nested-column-9 fusion_builder_column_inner_1_2 1_2 fusion-flex-column fusion-column-inner-bg-wrapper\" style=\"--awb-padding-top:20px;--awb-padding-right:6%;--awb-padding-bottom:6px;--awb-padding-left:6%;--awb-inner-bg-color:#a79477;--awb-inner-bg-color-hover:#a79477;--awb-inner-bg-size:cover;--awb-border-color:#e5d2b5;--awb-border-top:3px;--awb-border-right:3px;--awb-border-bottom:3px;--awb-border-left:3px;--awb-border-style:solid;--awb-width-large:50%;--awb-margin-top-large:0px;--awb-spacing-right-large:0px;--awb-margin-bottom-large:0px;--awb-spacing-left-large:0px;--awb-width-medium:50%;--awb-spacing-right-medium:0px;--awb-spacing-left-medium:0px;--awb-width-small:100%;--awb-spacing-right-small:0px;--awb-spacing-left-small:0px;\"><span class=\"fusion-column-inner-bg hover-type-none\"><a class=\"fusion-column-anchor\" href=\"\/friends-of-ess\/?lang=sv\"><span class=\"fusion-column-inner-bg-image\"><\/span><\/a><\/span><div class=\"fusion-column-wrapper fusion-flex-justify-content-flex-start fusion-content-layout-column\"><div class=\"fusion-text fusion-text-13\"><h4 style=\"text-align: center;\">Ans\u00f6k h\u00e4r<\/h4>\n<h6 style=\"text-align: center;\"><span style=\"color: #ffffff;\"><em>Ska vi bli b\u00e4sta v\u00e4nner? Ja tack! Klicka h\u00e4r.<\/em><\/span><\/h6>\n<\/div><\/div><\/div><div class=\"fusion-layout-column fusion_builder_column_inner fusion-builder-nested-column-10 fusion_builder_column_inner_1_4 1_4 fusion-flex-column fusion-no-small-visibility\" style=\"--awb-bg-blend:overlay;--awb-bg-size:cover;--awb-width-large:25%;--awb-margin-top-large:0px;--awb-spacing-right-large:0px;--awb-margin-bottom-large:0px;--awb-spacing-left-large:0px;--awb-width-medium:100%;--awb-spacing-right-medium:0px;--awb-spacing-left-medium:0px;--awb-width-small:100%;--awb-spacing-right-small:0px;--awb-spacing-left-small:0px;\"><div class=\"fusion-column-wrapper fusion-flex-justify-content-flex-start fusion-content-layout-column\"><\/div><\/div><\/div><\/div><\/div><\/div><\/div>\n\n<\/p>\n","protected":false},"excerpt":{"rendered":"<p>Avslappnad lyx p\u00e5 V\u00e4stkusten<\/p>\n","protected":false},"author":19,"featured_media":6195,"comment_status":"closed","ping_status":"closed","sticky":false,"template":"","format":"standard","meta":{"footnotes":""},"categories":[57,58],"tags":[60],"class_list":["post-6193","post","type-post","status-publish","format-standard","has-post-thumbnail","hentry","category-hotell-sv","category-restaurang-sv","tag-strandbaden-sv"],"yoast_head":"<!-- This site is optimized with the Yoast SEO plugin v27.4 - https:\/\/yoast.com\/product\/yoast-seo-wordpress\/ -->\n<title>Falkenberg Strandbad | ESS Group\u00ae<\/title>\n<meta name=\"robots\" content=\"index, follow, max-snippet:-1, max-image-preview:large, max-video-preview:-1\" \/>\n<link rel=\"canonical\" href=\"https:\/\/www.essgroup.se\/falkenberg-strandbad\/?lang=sv\" \/>\n<meta property=\"og:locale\" content=\"sv_SE\" \/>\n<meta property=\"og:type\" content=\"article\" \/>\n<meta property=\"og:title\" content=\"Falkenberg Strandbad | ESS Group\u00ae\" \/>\n<meta property=\"og:description\" content=\"Avslappnad lyx p\u00e5 V\u00e4stkusten\" \/>\n<meta property=\"og:url\" content=\"https:\/\/www.essgroup.se\/falkenberg-strandbad\/?lang=sv\" \/>\n<meta property=\"og:site_name\" content=\"ESS Group Hotels\u00ae\" \/>\n<meta property=\"article:published_time\" content=\"2018-10-27T14:58:47+00:00\" \/>\n<meta property=\"article:modified_time\" content=\"2019-01-16T06:57:39+00:00\" \/>\n<meta property=\"og:image\" content=\"https:\/\/www.essgroup.se\/wp-content\/uploads\/2015\/11\/falkenberg-strandbad-start-2.jpg\" \/>\n\t<meta property=\"og:image:width\" content=\"1500\" \/>\n\t<meta property=\"og:image:height\" content=\"1000\" \/>\n\t<meta property=\"og:image:type\" content=\"image\/jpeg\" \/>\n<meta name=\"author\" content=\"Ida-Maria Wikman\" \/>\n<meta name=\"twitter:card\" content=\"summary_large_image\" \/>\n<meta name=\"twitter:label1\" content=\"Skriven av\" \/>\n\t<meta name=\"twitter:data1\" content=\"Ida-Maria Wikman\" \/>\n\t<meta name=\"twitter:label2\" content=\"Ber\u00e4knad l\u00e4stid\" \/>\n\t<meta name=\"twitter:data2\" content=\"26 minuter\" \/>\n<script type=\"application\/ld+json\" class=\"yoast-schema-graph\">{\"@context\":\"https:\\\/\\\/schema.org\",\"@graph\":[{\"@type\":\"Article\",\"@id\":\"https:\\\/\\\/www.essgroup.se\\\/falkenberg-strandbad\\\/?lang=sv#article\",\"isPartOf\":{\"@id\":\"https:\\\/\\\/www.essgroup.se\\\/falkenberg-strandbad\\\/?lang=sv\"},\"author\":{\"name\":\"Ida-Maria Wikman\",\"@id\":\"https:\\\/\\\/www.essgroup.se\\\/#\\\/schema\\\/person\\\/afbae44ce119c622bb9390907c82202a\"},\"headline\":\"Falkenberg Strandbad\",\"datePublished\":\"2018-10-27T14:58:47+00:00\",\"dateModified\":\"2019-01-16T06:57:39+00:00\",\"mainEntityOfPage\":{\"@id\":\"https:\\\/\\\/www.essgroup.se\\\/falkenberg-strandbad\\\/?lang=sv\"},\"wordCount\":5188,\"image\":{\"@id\":\"https:\\\/\\\/www.essgroup.se\\\/falkenberg-strandbad\\\/?lang=sv#primaryimage\"},\"thumbnailUrl\":\"https:\\\/\\\/www.essgroup.se\\\/wp-content\\\/uploads\\\/2015\\\/11\\\/falkenberg-strandbad-start-2.jpg\",\"keywords\":[\"Falkenberg Strandbad\"],\"articleSection\":[\"hotell\",\"restaurang\"],\"inLanguage\":\"sv-SE\"},{\"@type\":\"WebPage\",\"@id\":\"https:\\\/\\\/www.essgroup.se\\\/falkenberg-strandbad\\\/?lang=sv\",\"url\":\"https:\\\/\\\/www.essgroup.se\\\/falkenberg-strandbad\\\/?lang=sv\",\"name\":\"Falkenberg Strandbad | ESS Group\u00ae\",\"isPartOf\":{\"@id\":\"https:\\\/\\\/www.essgroup.se\\\/#website\"},\"primaryImageOfPage\":{\"@id\":\"https:\\\/\\\/www.essgroup.se\\\/falkenberg-strandbad\\\/?lang=sv#primaryimage\"},\"image\":{\"@id\":\"https:\\\/\\\/www.essgroup.se\\\/falkenberg-strandbad\\\/?lang=sv#primaryimage\"},\"thumbnailUrl\":\"https:\\\/\\\/www.essgroup.se\\\/wp-content\\\/uploads\\\/2015\\\/11\\\/falkenberg-strandbad-start-2.jpg\",\"datePublished\":\"2018-10-27T14:58:47+00:00\",\"dateModified\":\"2019-01-16T06:57:39+00:00\",\"author\":{\"@id\":\"https:\\\/\\\/www.essgroup.se\\\/#\\\/schema\\\/person\\\/afbae44ce119c622bb9390907c82202a\"},\"breadcrumb\":{\"@id\":\"https:\\\/\\\/www.essgroup.se\\\/falkenberg-strandbad\\\/?lang=sv#breadcrumb\"},\"inLanguage\":\"sv-SE\",\"potentialAction\":[{\"@type\":\"ReadAction\",\"target\":[\"https:\\\/\\\/www.essgroup.se\\\/falkenberg-strandbad\\\/?lang=sv\"]}]},{\"@type\":\"ImageObject\",\"inLanguage\":\"sv-SE\",\"@id\":\"https:\\\/\\\/www.essgroup.se\\\/falkenberg-strandbad\\\/?lang=sv#primaryimage\",\"url\":\"https:\\\/\\\/www.essgroup.se\\\/wp-content\\\/uploads\\\/2015\\\/11\\\/falkenberg-strandbad-start-2.jpg\",\"contentUrl\":\"https:\\\/\\\/www.essgroup.se\\\/wp-content\\\/uploads\\\/2015\\\/11\\\/falkenberg-strandbad-start-2.jpg\",\"width\":1500,\"height\":1000},{\"@type\":\"BreadcrumbList\",\"@id\":\"https:\\\/\\\/www.essgroup.se\\\/falkenberg-strandbad\\\/?lang=sv#breadcrumb\",\"itemListElement\":[{\"@type\":\"ListItem\",\"position\":1,\"name\":\"Hem\",\"item\":\"https:\\\/\\\/www.essgroup.se\\\/sv\\\/\"},{\"@type\":\"ListItem\",\"position\":2,\"name\":\"Falkenberg Strandbad\"}]},{\"@type\":\"WebSite\",\"@id\":\"https:\\\/\\\/www.essgroup.se\\\/#website\",\"url\":\"https:\\\/\\\/www.essgroup.se\\\/\",\"name\":\"ESS Group Hotels\u00ae\",\"description\":\"\",\"potentialAction\":[{\"@type\":\"SearchAction\",\"target\":{\"@type\":\"EntryPoint\",\"urlTemplate\":\"https:\\\/\\\/www.essgroup.se\\\/?s={search_term_string}\"},\"query-input\":{\"@type\":\"PropertyValueSpecification\",\"valueRequired\":true,\"valueName\":\"search_term_string\"}}],\"inLanguage\":\"sv-SE\"},{\"@type\":\"Person\",\"@id\":\"https:\\\/\\\/www.essgroup.se\\\/#\\\/schema\\\/person\\\/afbae44ce119c622bb9390907c82202a\",\"name\":\"Ida-Maria Wikman\",\"sameAs\":[\"http:\\\/\\\/essgroup.se\"]}]}<\/script>\n<!-- \/ Yoast SEO plugin. -->","yoast_head_json":{"title":"Falkenberg Strandbad | ESS Group\u00ae","robots":{"index":"index","follow":"follow","max-snippet":"max-snippet:-1","max-image-preview":"max-image-preview:large","max-video-preview":"max-video-preview:-1"},"canonical":"https:\/\/www.essgroup.se\/falkenberg-strandbad\/?lang=sv","og_locale":"sv_SE","og_type":"article","og_title":"Falkenberg Strandbad | ESS Group\u00ae","og_description":"Avslappnad lyx p\u00e5 V\u00e4stkusten","og_url":"https:\/\/www.essgroup.se\/falkenberg-strandbad\/?lang=sv","og_site_name":"ESS Group Hotels\u00ae","article_published_time":"2018-10-27T14:58:47+00:00","article_modified_time":"2019-01-16T06:57:39+00:00","og_image":[{"width":1500,"height":1000,"url":"https:\/\/www.essgroup.se\/wp-content\/uploads\/2015\/11\/falkenberg-strandbad-start-2.jpg","type":"image\/jpeg"}],"author":"Ida-Maria Wikman","twitter_card":"summary_large_image","twitter_misc":{"Skriven av":"Ida-Maria Wikman","Ber\u00e4knad l\u00e4stid":"26 minuter"},"schema":{"@context":"https:\/\/schema.org","@graph":[{"@type":"Article","@id":"https:\/\/www.essgroup.se\/falkenberg-strandbad\/?lang=sv#article","isPartOf":{"@id":"https:\/\/www.essgroup.se\/falkenberg-strandbad\/?lang=sv"},"author":{"name":"Ida-Maria Wikman","@id":"https:\/\/www.essgroup.se\/#\/schema\/person\/afbae44ce119c622bb9390907c82202a"},"headline":"Falkenberg Strandbad","datePublished":"2018-10-27T14:58:47+00:00","dateModified":"2019-01-16T06:57:39+00:00","mainEntityOfPage":{"@id":"https:\/\/www.essgroup.se\/falkenberg-strandbad\/?lang=sv"},"wordCount":5188,"image":{"@id":"https:\/\/www.essgroup.se\/falkenberg-strandbad\/?lang=sv#primaryimage"},"thumbnailUrl":"https:\/\/www.essgroup.se\/wp-content\/uploads\/2015\/11\/falkenberg-strandbad-start-2.jpg","keywords":["Falkenberg Strandbad"],"articleSection":["hotell","restaurang"],"inLanguage":"sv-SE"},{"@type":"WebPage","@id":"https:\/\/www.essgroup.se\/falkenberg-strandbad\/?lang=sv","url":"https:\/\/www.essgroup.se\/falkenberg-strandbad\/?lang=sv","name":"Falkenberg Strandbad | ESS Group\u00ae","isPartOf":{"@id":"https:\/\/www.essgroup.se\/#website"},"primaryImageOfPage":{"@id":"https:\/\/www.essgroup.se\/falkenberg-strandbad\/?lang=sv#primaryimage"},"image":{"@id":"https:\/\/www.essgroup.se\/falkenberg-strandbad\/?lang=sv#primaryimage"},"thumbnailUrl":"https:\/\/www.essgroup.se\/wp-content\/uploads\/2015\/11\/falkenberg-strandbad-start-2.jpg","datePublished":"2018-10-27T14:58:47+00:00","dateModified":"2019-01-16T06:57:39+00:00","author":{"@id":"https:\/\/www.essgroup.se\/#\/schema\/person\/afbae44ce119c622bb9390907c82202a"},"breadcrumb":{"@id":"https:\/\/www.essgroup.se\/falkenberg-strandbad\/?lang=sv#breadcrumb"},"inLanguage":"sv-SE","potentialAction":[{"@type":"ReadAction","target":["https:\/\/www.essgroup.se\/falkenberg-strandbad\/?lang=sv"]}]},{"@type":"ImageObject","inLanguage":"sv-SE","@id":"https:\/\/www.essgroup.se\/falkenberg-strandbad\/?lang=sv#primaryimage","url":"https:\/\/www.essgroup.se\/wp-content\/uploads\/2015\/11\/falkenberg-strandbad-start-2.jpg","contentUrl":"https:\/\/www.essgroup.se\/wp-content\/uploads\/2015\/11\/falkenberg-strandbad-start-2.jpg","width":1500,"height":1000},{"@type":"BreadcrumbList","@id":"https:\/\/www.essgroup.se\/falkenberg-strandbad\/?lang=sv#breadcrumb","itemListElement":[{"@type":"ListItem","position":1,"name":"Hem","item":"https:\/\/www.essgroup.se\/sv\/"},{"@type":"ListItem","position":2,"name":"Falkenberg Strandbad"}]},{"@type":"WebSite","@id":"https:\/\/www.essgroup.se\/#website","url":"https:\/\/www.essgroup.se\/","name":"ESS Group Hotels\u00ae","description":"","potentialAction":[{"@type":"SearchAction","target":{"@type":"EntryPoint","urlTemplate":"https:\/\/www.essgroup.se\/?s={search_term_string}"},"query-input":{"@type":"PropertyValueSpecification","valueRequired":true,"valueName":"search_term_string"}}],"inLanguage":"sv-SE"},{"@type":"Person","@id":"https:\/\/www.essgroup.se\/#\/schema\/person\/afbae44ce119c622bb9390907c82202a","name":"Ida-Maria Wikman","sameAs":["http:\/\/essgroup.se"]}]}},"_links":{"self":[{"href":"https:\/\/www.essgroup.se\/sv\/wp-json\/wp\/v2\/posts\/6193","targetHints":{"allow":["GET"]}}],"collection":[{"href":"https:\/\/www.essgroup.se\/sv\/wp-json\/wp\/v2\/posts"}],"about":[{"href":"https:\/\/www.essgroup.se\/sv\/wp-json\/wp\/v2\/types\/post"}],"author":[{"embeddable":true,"href":"https:\/\/www.essgroup.se\/sv\/wp-json\/wp\/v2\/users\/19"}],"replies":[{"embeddable":true,"href":"https:\/\/www.essgroup.se\/sv\/wp-json\/wp\/v2\/comments?post=6193"}],"version-history":[{"count":7,"href":"https:\/\/www.essgroup.se\/sv\/wp-json\/wp\/v2\/posts\/6193\/revisions"}],"predecessor-version":[{"id":6356,"href":"https:\/\/www.essgroup.se\/sv\/wp-json\/wp\/v2\/posts\/6193\/revisions\/6356"}],"wp:featuredmedia":[{"embeddable":true,"href":"https:\/\/www.essgroup.se\/sv\/wp-json\/wp\/v2\/media\/6195"}],"wp:attachment":[{"href":"https:\/\/www.essgroup.se\/sv\/wp-json\/wp\/v2\/media?parent=6193"}],"wp:term":[{"taxonomy":"category","embeddable":true,"href":"https:\/\/www.essgroup.se\/sv\/wp-json\/wp\/v2\/categories?post=6193"},{"taxonomy":"post_tag","embeddable":true,"href":"https:\/\/www.essgroup.se\/sv\/wp-json\/wp\/v2\/tags?post=6193"}],"curies":[{"name":"wp","href":"https:\/\/api.w.org\/{rel}","templated":true}]}}